{"id":8562,"date":"2025-01-13T01:22:38","date_gmt":"2025-01-12T23:22:38","guid":{"rendered":"http:\/\/acdjeyma.es\/?p=8562"},"modified":"2025-01-13T13:08:46","modified_gmt":"2025-01-13T11:08:46","slug":"el-mf-carlos-garcia-moreno-ganador-del-xii-torneo-de-ajedrez-acd-jeyma-el-mas-participativo-hasta-la-fecha","status":"publish","type":"post","link":"https:\/\/acdjeyma.es\/?p=8562","title":{"rendered":"El MF Carlos Garc\u00eda Moreno, ganador del XII Torneo de Ajedrez \u00abACD Jeyma\u00bb, el m\u00e1s participativo hasta la fecha"},"content":{"rendered":"<div id=\"attachment_8563\" style=\"width: 300px\" class=\"wp-caption alignright\"><a href=\"http:\/\/acdjeyma.es\/wp-content\/uploads\/2025\/01\/WhatsApp-Image-2025-01-12-at-23.03.21.jpeg\"><img loading=\"lazy\" decoding=\"async\" aria-describedby=\"caption-attachment-8563\" data-attachment-id=\"8563\" data-permalink=\"https:\/\/acdjeyma.es\/?attachment_id=8563\" data-orig-file=\"https:\/\/acdjeyma.es\/wp-content\/uploads\/2025\/01\/WhatsApp-Image-2025-01-12-at-23.03.21.jpeg\" data-orig-size=\"2000,1500\" data-comments-opened=\"1\" data-image-meta=\"{&quot;aperture&quot;:&quot;0&quot;,&quot;credit&quot;:&quot;&quot;,&quot;camera&quot;:&quot;&quot;,&quot;caption&quot;:&quot;&quot;,&quot;created_timestamp&quot;:&quot;0&quot;,&quot;copyright&quot;:&quot;&quot;,&quot;focal_length&quot;:&quot;0&quot;,&quot;iso&quot;:&quot;0&quot;,&quot;shutter_speed&quot;:&quot;0&quot;,&quot;title&quot;:&quot;&quot;,&quot;orientation&quot;:&quot;0&quot;}\" data-image-title=\"WhatsApp Image 2025-01-12 at 23.03.21\" data-image-description=\"\" data-image-caption=\"\" data-medium-file=\"https:\/\/acdjeyma.es\/wp-content\/uploads\/2025\/01\/WhatsApp-Image-2025-01-12-at-23.03.21-300x225.jpeg\" data-large-file=\"https:\/\/acdjeyma.es\/wp-content\/uploads\/2025\/01\/WhatsApp-Image-2025-01-12-at-23.03.21-1024x768.jpeg\" class=\"wp-image-8563 size-medium\" src=\"http:\/\/acdjeyma.es\/wp-content\/uploads\/2025\/01\/WhatsApp-Image-2025-01-12-at-23.03.21-300x225.jpeg\" alt=\"\" width=\"300\" height=\"225\" srcset=\"https:\/\/acdjeyma.es\/wp-content\/uploads\/2025\/01\/WhatsApp-Image-2025-01-12-at-23.03.21-300x225.jpeg 300w, https:\/\/acdjeyma.es\/wp-content\/uploads\/2025\/01\/WhatsApp-Image-2025-01-12-at-23.03.21-768x576.jpeg 768w, https:\/\/acdjeyma.es\/wp-content\/uploads\/2025\/01\/WhatsApp-Image-2025-01-12-at-23.03.21-1024x768.jpeg 1024w, https:\/\/acdjeyma.es\/wp-content\/uploads\/2025\/01\/WhatsApp-Image-2025-01-12-at-23.03.21.jpeg 2000w\" sizes=\"auto, (max-width: 300px) 100vw, 300px\" \/><\/a><p id=\"caption-attachment-8563\" class=\"wp-caption-text\">Foto de familia<\/p><\/div>\n<p>En la jornada del domingo 12 de enero de 2025 se ha celebrado el XII Torneo de Ajedrez \u00abACD Jeyma\u00bb, en la sala de exposiciones de la casa de cultura de Bola\u00f1os de Calatrava, con la presencia de 71 jugadores (pese a algunas bajas de \u00faltima hora), venidos mayoritariamente desde municipios de la provincia de Ciudad Real, aunque tambi\u00e9n hemos contado con jugadores de las provincias de Toledo y C\u00f3rdoba. Al superar los 70 jugadores, seg\u00fan las bases el torneo deb\u00eda disputarse mediante sistema suizo a 8 rondas, al final de las cuales ha resultado ganador el MF talaverano Carlos Garc\u00eda Moreno, con 7 puntos de 8 posibles.<\/p>\n<p>Desde la Asociaci\u00f3n Cultural y Deportiva Jeyma agradecemos el esfuerzo de todas las personas implicadas en la organizaci\u00f3n de este evento: patrocinadores, sin cuyo apoyo ser\u00eda imposible, el Ayuntamiento por la cesi\u00f3n de la sala de exposiciones de la casa de cultura, la Delegaci\u00f3n de Ajedrez, especialmente en la persona de David Cruz, que tambi\u00e9n ha hecho las labores de \u00e1rbitro, las personas que han colocado y recogido la sala de juego y, por \u00faltimo, pero no menos importante, a todos los participantes.<\/p>\n<p>En esta edici\u00f3n se han introducido muchas novedades respecto de a\u00f1os precedentes. En primer lugar, este torneo ha inaugurado el Circuito Provincial de Ajedrez de Ciudad Real 2025, cuya informaci\u00f3n puede consultarse en el siguiente enlace:<\/p>\n<p><a href=\"https:\/\/www.ajedrezciudadreal.es\/circuito-2025\/\">https:\/\/www.ajedrezciudadreal.es\/circuito-2025\/<\/a><\/p>\n<div id=\"attachment_8564\" style=\"width: 300px\" class=\"wp-caption alignright\"><a href=\"http:\/\/acdjeyma.es\/wp-content\/uploads\/2025\/01\/WhatsApp-Image-2025-01-12-at-23.03.22-4.jpeg\"><img loading=\"lazy\" decoding=\"async\" aria-describedby=\"caption-attachment-8564\" data-attachment-id=\"8564\" data-permalink=\"https:\/\/acdjeyma.es\/?attachment_id=8564\" data-orig-file=\"https:\/\/acdjeyma.es\/wp-content\/uploads\/2025\/01\/WhatsApp-Image-2025-01-12-at-23.03.22-4.jpeg\" data-orig-size=\"2000,1500\" data-comments-opened=\"1\" data-image-meta=\"{&quot;aperture&quot;:&quot;0&quot;,&quot;credit&quot;:&quot;&quot;,&quot;camera&quot;:&quot;&quot;,&quot;caption&quot;:&quot;&quot;,&quot;created_timestamp&quot;:&quot;0&quot;,&quot;copyright&quot;:&quot;&quot;,&quot;focal_length&quot;:&quot;0&quot;,&quot;iso&quot;:&quot;0&quot;,&quot;shutter_speed&quot;:&quot;0&quot;,&quot;title&quot;:&quot;&quot;,&quot;orientation&quot;:&quot;0&quot;}\" data-image-title=\"WhatsApp Image 2025-01-12 at 23.03.22 (4)\" data-image-description=\"\" data-image-caption=\"\" data-medium-file=\"https:\/\/acdjeyma.es\/wp-content\/uploads\/2025\/01\/WhatsApp-Image-2025-01-12-at-23.03.22-4-300x225.jpeg\" data-large-file=\"https:\/\/acdjeyma.es\/wp-content\/uploads\/2025\/01\/WhatsApp-Image-2025-01-12-at-23.03.22-4-1024x768.jpeg\" class=\"wp-image-8564 size-medium\" src=\"http:\/\/acdjeyma.es\/wp-content\/uploads\/2025\/01\/WhatsApp-Image-2025-01-12-at-23.03.22-4-300x225.jpeg\" alt=\"\" width=\"300\" height=\"225\" srcset=\"https:\/\/acdjeyma.es\/wp-content\/uploads\/2025\/01\/WhatsApp-Image-2025-01-12-at-23.03.22-4-300x225.jpeg 300w, https:\/\/acdjeyma.es\/wp-content\/uploads\/2025\/01\/WhatsApp-Image-2025-01-12-at-23.03.22-4-768x576.jpeg 768w, https:\/\/acdjeyma.es\/wp-content\/uploads\/2025\/01\/WhatsApp-Image-2025-01-12-at-23.03.22-4-1024x768.jpeg 1024w, https:\/\/acdjeyma.es\/wp-content\/uploads\/2025\/01\/WhatsApp-Image-2025-01-12-at-23.03.22-4.jpeg 2000w\" sizes=\"auto, (max-width: 300px) 100vw, 300px\" \/><\/a><p id=\"caption-attachment-8564\" class=\"wp-caption-text\">El MF Carlos Garc\u00eda Moreno, campe\u00f3n del torneo<\/p><\/div>\n<p>Adem\u00e1s, se han reforzado los premios por tramos de ELO y los trofeos para los ni\u00f1os, a\u00f1adiendo las categor\u00edas sub-10 y sub-14 a las previamente existentes sub-12 y sub-16.<\/p>\n<p>Como nota especial, se ha dado un detalle a Joaqu\u00edn Garc\u00eda del Moral L\u00f3pez, en reconocimiento una trayectoria larga y plagada de an\u00e9cdotas.<\/p>\n<p>Se puede consultar la informaci\u00f3n completa sobre los emparejamientos, resultados y clasificaci\u00f3n en el siguiente enlace de info64:<\/p>\n<p><a href=\"https:\/\/info64.org\/xii-torneo-de-ajedrez-acd-jeyma\/standings\">https:\/\/info64.org\/xii-torneo-de-ajedrez-acd-jeyma\/standings<\/a><\/p>\n<div id=\"attachment_8565\" style=\"width: 300px\" class=\"wp-caption alignright\"><a href=\"http:\/\/acdjeyma.es\/wp-content\/uploads\/2025\/01\/WhatsApp-Image-2025-01-12-at-23.03.29.jpeg\"><img loading=\"lazy\" decoding=\"async\" aria-describedby=\"caption-attachment-8565\" data-attachment-id=\"8565\" data-permalink=\"https:\/\/acdjeyma.es\/?attachment_id=8565\" data-orig-file=\"https:\/\/acdjeyma.es\/wp-content\/uploads\/2025\/01\/WhatsApp-Image-2025-01-12-at-23.03.29.jpeg\" data-orig-size=\"2000,1500\" data-comments-opened=\"1\" data-image-meta=\"{&quot;aperture&quot;:&quot;0&quot;,&quot;credit&quot;:&quot;&quot;,&quot;camera&quot;:&quot;&quot;,&quot;caption&quot;:&quot;&quot;,&quot;created_timestamp&quot;:&quot;0&quot;,&quot;copyright&quot;:&quot;&quot;,&quot;focal_length&quot;:&quot;0&quot;,&quot;iso&quot;:&quot;0&quot;,&quot;shutter_speed&quot;:&quot;0&quot;,&quot;title&quot;:&quot;&quot;,&quot;orientation&quot;:&quot;0&quot;}\" data-image-title=\"WhatsApp Image 2025-01-12 at 23.03.29\" data-image-description=\"\" data-image-caption=\"\" data-medium-file=\"https:\/\/acdjeyma.es\/wp-content\/uploads\/2025\/01\/WhatsApp-Image-2025-01-12-at-23.03.29-300x225.jpeg\" data-large-file=\"https:\/\/acdjeyma.es\/wp-content\/uploads\/2025\/01\/WhatsApp-Image-2025-01-12-at-23.03.29-1024x768.jpeg\" class=\"wp-image-8565 size-medium\" src=\"http:\/\/acdjeyma.es\/wp-content\/uploads\/2025\/01\/WhatsApp-Image-2025-01-12-at-23.03.29-300x225.jpeg\" alt=\"\" width=\"300\" height=\"225\" srcset=\"https:\/\/acdjeyma.es\/wp-content\/uploads\/2025\/01\/WhatsApp-Image-2025-01-12-at-23.03.29-300x225.jpeg 300w, https:\/\/acdjeyma.es\/wp-content\/uploads\/2025\/01\/WhatsApp-Image-2025-01-12-at-23.03.29-768x576.jpeg 768w, https:\/\/acdjeyma.es\/wp-content\/uploads\/2025\/01\/WhatsApp-Image-2025-01-12-at-23.03.29-1024x768.jpeg 1024w, https:\/\/acdjeyma.es\/wp-content\/uploads\/2025\/01\/WhatsApp-Image-2025-01-12-at-23.03.29.jpeg 2000w\" sizes=\"auto, (max-width: 300px) 100vw, 300px\" \/><\/a><p id=\"caption-attachment-8565\" class=\"wp-caption-text\">Reconocimiento a Joaqu\u00edn Garc\u00eda del Moral L\u00f3pez<\/p><\/div>\n<p>Desde la Asociaci\u00f3n Cultural y Deportiva Jeyma esperamos que los asistentes hay\u00e1is disfrutado del evento y os animamos a repetir en futuras ediciones.<\/p>\n","protected":false},"excerpt":{"rendered":"<p>En la jornada del domingo 12 de enero de 2025 se ha celebrado el XII Torneo de Ajedrez \u00abACD Jeyma\u00bb, en la sala de exposiciones de la casa de cultura de Bola\u00f1os de Calatrava, con la presencia de 71 jugadores (pese a algunas bajas de \u00faltima hora), venidos mayoritariamente desde municipios de la provincia de &hellip; <\/p>\n<p><a class=\"more-link btn\" href=\"https:\/\/acdjeyma.es\/?p=8562\">Seguir leyendo<\/a><\/p>\n","protected":false},"author":2,"featured_media":0,"comment_status":"open","ping_status":"open","sticky":false,"template":"","format":"standard","meta":{"jetpack_post_was_ever_published":false,"_jetpack_newsletter_access":"","_jetpack_dont_email_post_to_subs":false,"_jetpack_newsletter_tier_id":0,"_jetpack_memberships_contains_paywalled_content":false,"_jetpack_memberships_contains_paid_content":false,"footnotes":""},"categories":[3,235,8,1],"tags":[299],"class_list":["post-8562","post","type-post","status-publish","format-standard","hentry","category-actividades","category-ajedrez","category-deportivas","category-sin-categoria","tag-xii-torneo-de-ajedrez","item-wrap"],"jetpack_featured_media_url":"","jetpack_shortlink":"https:\/\/wp.me\/p3uf9Z-2e6","jetpack_sharing_enabled":true,"jetpack-related-posts":[{"id":5382,"url":"https:\/\/acdjeyma.es\/?p=5382","url_meta":{"origin":8562,"position":0},"title":"IX Torneo de Ajedrez \u00abACD Jeyma\u00bb","author":"Jos\u00e9 Ram\u00f3n","date":"19 &#100;&#101; diciembre &#100;&#101; 2019","format":false,"excerpt":"El pr\u00f3ximo\u00a0domingo 12 de enero de 2020, a partir de las 10 de la ma\u00f1ana, est\u00e1 prevista la celebraci\u00f3n, en la Casa de Cultura de Bola\u00f1os de Calatrava (calle Toledillo n\u00ba 21) del IX Torneo de Ajedrez \u201cACD Jeyma\u201d. El formato de juego ser\u00e1 como el de ediciones anteriores. As\u00ed,\u2026","rel":"","context":"En \u00abACD Jeyma\u00bb","block_context":{"text":"ACD Jeyma","link":"https:\/\/acdjeyma.es\/?cat=2"},"img":{"alt_text":"Cartel del IX Torneo de Ajedrez \"ACD Jeyma\"","src":"https:\/\/i0.wp.com\/acdjeyma.es\/wp-content\/uploads\/2019\/12\/ix-torneo-ajedrez.jpg?resize=350%2C200&ssl=1","width":350,"height":200,"srcset":"https:\/\/i0.wp.com\/acdjeyma.es\/wp-content\/uploads\/2019\/12\/ix-torneo-ajedrez.jpg?resize=350%2C200&ssl=1 1x, https:\/\/i0.wp.com\/acdjeyma.es\/wp-content\/uploads\/2019\/12\/ix-torneo-ajedrez.jpg?resize=525%2C300&ssl=1 1.5x, https:\/\/i0.wp.com\/acdjeyma.es\/wp-content\/uploads\/2019\/12\/ix-torneo-ajedrez.jpg?resize=700%2C400&ssl=1 2x"},"classes":[]},{"id":10895,"url":"https:\/\/acdjeyma.es\/?p=10895","url_meta":{"origin":8562,"position":1},"title":"El MF V\u00edctor Fern\u00e1ndez Barrera, ganador de un XIII Torneo de Ajedrez \u00abACD Jeyma\u00bb que mejora su r\u00e9cord de participaci\u00f3n","author":"Jos\u00e9 Ram\u00f3n","date":"11 &#100;&#101; enero &#100;&#101; 2026","format":false,"excerpt":"En la jornada del domingo 11 de enero de 2026 se ha celebrado el XIII Torneo de Ajedrez \u00abACD Jeyma\u00bb, en la sala de exposiciones de la casa de cultura de Bola\u00f1os de Calatrava, con la presencia de 74 jugadores (pese a algunas bajas de \u00faltima hora), venidos mayoritariamente desde\u2026","rel":"","context":"En \u00abACD Jeyma\u00bb","block_context":{"text":"ACD Jeyma","link":"https:\/\/acdjeyma.es\/?cat=2"},"img":{"alt_text":"","src":"https:\/\/i0.wp.com\/acdjeyma.es\/wp-content\/uploads\/2026\/01\/Victor-Fernandez-campeon-150x150.jpeg?resize=350%2C200&ssl=1","width":350,"height":200,"srcset":"https:\/\/i0.wp.com\/acdjeyma.es\/wp-content\/uploads\/2026\/01\/Victor-Fernandez-campeon-150x150.jpeg?resize=350%2C200&ssl=1 1x, https:\/\/i0.wp.com\/acdjeyma.es\/wp-content\/uploads\/2026\/01\/Victor-Fernandez-campeon-150x150.jpeg?resize=525%2C300&ssl=1 1.5x, https:\/\/i0.wp.com\/acdjeyma.es\/wp-content\/uploads\/2026\/01\/Victor-Fernandez-campeon-150x150.jpeg?resize=700%2C400&ssl=1 2x, https:\/\/i0.wp.com\/acdjeyma.es\/wp-content\/uploads\/2026\/01\/Victor-Fernandez-campeon-150x150.jpeg?resize=1050%2C600&ssl=1 3x"},"classes":[]},{"id":3495,"url":"https:\/\/acdjeyma.es\/?p=3495","url_meta":{"origin":8562,"position":2},"title":"El MF Carlos Garc\u00eda Moreno, campe\u00f3n del IV Torneo de Ajedrez \u00abACD Jeyma\u00bb","author":"Jos\u00e9 Ram\u00f3n","date":"12 &#100;&#101; enero &#100;&#101; 2015","format":false,"excerpt":"El d\u00eda 11 de enero ha tenido lugar en la Sala de Exposiciones de la Casa de Cultura el IV Abierto de Ajedrez A.C.D. Jeyma, que ha contado con la presencia de 35 jugadores, procedentes en su mayor\u00eda de municipios de la provincia de Ciudad Real, aunque tambi\u00e9n han asistido\u2026","rel":"","context":"En \u00abACD Jeyma\u00bb","block_context":{"text":"ACD Jeyma","link":"https:\/\/acdjeyma.es\/?cat=2"},"img":{"alt_text":"Carlos Garc\u00eda, campe\u00f3n del torneo","src":"https:\/\/i0.wp.com\/acdjeyma.es\/wp-content\/uploads\/2015\/01\/IMG-20150111-WA0008-225x300.jpg?resize=350%2C200","width":350,"height":200},"classes":[]},{"id":5989,"url":"https:\/\/acdjeyma.es\/?p=5989","url_meta":{"origin":8562,"position":3},"title":"El MF V\u00edctor Fern\u00e1ndez, ganador de la fase online del XI Torneo de Ajedrez \u00abACD Jeyma\u00bb","author":"Jos\u00e9 Ram\u00f3n","date":"9 &#100;&#101; enero &#100;&#101; 2022","format":false,"excerpt":"El domingo 9 de enero estaba prevista la celebraci\u00f3n del XI Torneo de Ajedrez \"ACD Jeyma\", pero las circunstancias sanitarias nos hicieron aplazar la fecha de este evento y sustituirlo por un torneo de ajedrez online en la plataforma lichess.org. En este evento online hemos tenido la participaci\u00f3n de 38\u2026","rel":"","context":"En \u00abACD Jeyma\u00bb","block_context":{"text":"ACD Jeyma","link":"https:\/\/acdjeyma.es\/?cat=2"},"img":{"alt_text":"","src":"https:\/\/i0.wp.com\/img.youtube.com\/vi\/j-8ftTWVWrc\/0.jpg?resize=350%2C200","width":350,"height":200},"classes":[]},{"id":4485,"url":"https:\/\/acdjeyma.es\/?p=4485","url_meta":{"origin":8562,"position":4},"title":"El MF Carlos Garc\u00eda Moreno consigue su triplete particular en el VII Torneo \u00abACD Jeyma\u00bb","author":"Jos\u00e9 Ram\u00f3n","date":"7 &#100;&#101; enero &#100;&#101; 2018","format":false,"excerpt":"\u00a0 El d\u00eda 7 de enero ha tenido lugar en la Sala de Exposiciones de la Casa de Cultura el VII Abierto de Ajedrez A.C.D. Jeyma, que ha contado con la presencia de 35 jugadores, procedentes en su mayor\u00eda de municipios de la provincia de Ciudad Real, aunque tambi\u00e9n han\u2026","rel":"","context":"En \u00abACD Jeyma\u00bb","block_context":{"text":"ACD Jeyma","link":"https:\/\/acdjeyma.es\/?cat=2"},"img":{"alt_text":"","src":"https:\/\/i0.wp.com\/acdjeyma.es\/wp-content\/uploads\/2018\/01\/20180107_191716-1-300x253.jpg?resize=350%2C200","width":350,"height":200},"classes":[]},{"id":4995,"url":"https:\/\/acdjeyma.es\/?p=4995","url_meta":{"origin":8562,"position":5},"title":"VIII Torneo de Ajedrez \u00abACD Jeyma\u00bb","author":"Jos\u00e9 Ram\u00f3n","date":"17 &#100;&#101; diciembre &#100;&#101; 2018","format":false,"excerpt":"El pr\u00f3ximo s\u00e1bado 12 de enero de 2019, a partir de las 10 de la ma\u00f1ana, est\u00e1 prevista la celebraci\u00f3n, en la Casa de Cultura de Bola\u00f1os de Calatrava (calle Toledillo n\u00ba 21) del VIII Torneo de Ajedrez \u201cACD Jeyma\u201d. El formato de juego ser\u00e1 como el de ediciones anteriores,\u2026","rel":"","context":"En \u00abACD Jeyma\u00bb","block_context":{"text":"ACD Jeyma","link":"https:\/\/acdjeyma.es\/?cat=2"},"img":{"alt_text":"","src":"https:\/\/i0.wp.com\/acdjeyma.es\/wp-content\/uploads\/2018\/12\/Cartel-VIII-Torneo-Ajedrez-213x300.jpg?resize=350%2C200","width":350,"height":200},"classes":[]}],"_links":{"self":[{"href":"https:\/\/acdjeyma.es\/index.php?rest_route=\/wp\/v2\/posts\/8562","targetHints":{"allow":["GET"]}}],"collection":[{"href":"https:\/\/acdjeyma.es\/index.php?rest_route=\/wp\/v2\/posts"}],"about":[{"href":"https:\/\/acdjeyma.es\/index.php?rest_route=\/wp\/v2\/types\/post"}],"author":[{"embeddable":true,"href":"https:\/\/acdjeyma.es\/index.php?rest_route=\/wp\/v2\/users\/2"}],"replies":[{"embeddable":true,"href":"https:\/\/acdjeyma.es\/index.php?rest_route=%2Fwp%2Fv2%2Fcomments&post=8562"}],"version-history":[{"count":3,"href":"https:\/\/acdjeyma.es\/index.php?rest_route=\/wp\/v2\/posts\/8562\/revisions"}],"predecessor-version":[{"id":8574,"href":"https:\/\/acdjeyma.es\/index.php?rest_route=\/wp\/v2\/posts\/8562\/revisions\/8574"}],"wp:attachment":[{"href":"https:\/\/acdjeyma.es\/index.php?rest_route=%2Fwp%2Fv2%2Fmedia&parent=8562"}],"wp:term":[{"taxonomy":"category","embeddable":true,"href":"https:\/\/acdjeyma.es\/index.php?rest_route=%2Fwp%2Fv2%2Fcategories&post=8562"},{"taxonomy":"post_tag","embeddable":true,"href":"https:\/\/acdjeyma.es\/index.php?rest_route=%2Fwp%2Fv2%2Ftags&post=8562"}],"curies":[{"name":"wp","href":"https:\/\/api.w.org\/{rel}","templated":true}]}}