{"id":8201,"date":"2024-05-20T10:26:35","date_gmt":"2024-05-20T08:26:35","guid":{"rendered":"http:\/\/acdjeyma.es\/?p=8201"},"modified":"2024-07-12T10:35:28","modified_gmt":"2024-07-12T08:35:28","slug":"la-acdj-un-ano-mas-apoyando-al-pueblo-ucraniano","status":"publish","type":"post","link":"https:\/\/acdjeyma.es\/?p=8201","title":{"rendered":"La ACDJ un a\u00f1o m\u00e1s apoyando al pueblo ucraniano"},"content":{"rendered":"<div id=\"attachment_8202\" style=\"width: 189px\" class=\"wp-caption alignright\"><a href=\"http:\/\/acdjeyma.es\/wp-content\/uploads\/2024\/07\/trofeo-juego-limpio.jpg\"><img loading=\"lazy\" decoding=\"async\" aria-describedby=\"caption-attachment-8202\" data-attachment-id=\"8202\" data-permalink=\"https:\/\/acdjeyma.es\/?attachment_id=8202\" data-orig-file=\"https:\/\/acdjeyma.es\/wp-content\/uploads\/2024\/07\/trofeo-juego-limpio.jpg\" data-orig-size=\"813,912\" data-comments-opened=\"1\" data-image-meta=\"{&quot;aperture&quot;:&quot;0&quot;,&quot;credit&quot;:&quot;&quot;,&quot;camera&quot;:&quot;&quot;,&quot;caption&quot;:&quot;&quot;,&quot;created_timestamp&quot;:&quot;0&quot;,&quot;copyright&quot;:&quot;&quot;,&quot;focal_length&quot;:&quot;0&quot;,&quot;iso&quot;:&quot;0&quot;,&quot;shutter_speed&quot;:&quot;0&quot;,&quot;title&quot;:&quot;&quot;,&quot;orientation&quot;:&quot;1&quot;}\" data-image-title=\"Trofeo equipo m\u00e1s solidario\" data-image-description=\"\" data-image-caption=\"\" data-medium-file=\"https:\/\/acdjeyma.es\/wp-content\/uploads\/2024\/07\/trofeo-juego-limpio-267x300.jpg\" data-large-file=\"https:\/\/acdjeyma.es\/wp-content\/uploads\/2024\/07\/trofeo-juego-limpio.jpg\" class=\"wp-image-8202 \" src=\"http:\/\/acdjeyma.es\/wp-content\/uploads\/2024\/07\/trofeo-juego-limpio-267x300.jpg\" alt=\"Trofeo al equipo m\u00e1s solidario\" width=\"189\" height=\"213\" srcset=\"https:\/\/acdjeyma.es\/wp-content\/uploads\/2024\/07\/trofeo-juego-limpio-267x300.jpg 267w, https:\/\/acdjeyma.es\/wp-content\/uploads\/2024\/07\/trofeo-juego-limpio-768x862.jpg 768w, https:\/\/acdjeyma.es\/wp-content\/uploads\/2024\/07\/trofeo-juego-limpio.jpg 813w\" sizes=\"auto, (max-width: 189px) 100vw, 189px\" \/><\/a><p id=\"caption-attachment-8202\" class=\"wp-caption-text\">Trofeo al equipo m\u00e1s solidario<\/p><\/div>\n<p>La Asociaci\u00f3n Cultural y Deportiva Jeyma, a trav\u00e9s de su equipo de f\u00fatbol sala Sport Team Jeyma, particip\u00f3 en el XI Marat\u00f3n Solidario de F\u00fatbol Sala de Bola\u00f1os de Calatrava celebrado el pasado 18 de Mayo. Este marat\u00f3n solidario est\u00e1 organizado por las JJSS de Bola\u00f1os.<\/p>\n<p>Es la d\u00e9cima participaci\u00f3n de nuestra asociaci\u00f3n, en un marat\u00f3n solidario que lleva once ediciones y que a lo largo de estos a\u00f1os ha servido para ayudar a los proyectos de C\u00e1ritas, a los refugiados saharauis en los campamentos de Tinduf, a los afectados por el volc\u00e1n de La Palma y en los dos \u00faltimos a\u00f1os, para los afectados de la guerra en Ucrania. Por octava vez en las diez ediciones en las que ha participado,\u00a0nuestro equipo Sport Team Jeyma fue obsequiado con el trofeo al equipo m\u00e1s solidario..<\/p>\n<p>Desde la ACDJ agradecemos a los organizadores su disposici\u00f3n y voluntad, apoyando de base este tipo de iniciativas que unen deporte con solidaridad.<\/p>\n","protected":false},"excerpt":{"rendered":"<p>La Asociaci\u00f3n Cultural y Deportiva Jeyma, a trav\u00e9s de su equipo de f\u00fatbol sala Sport Team Jeyma, particip\u00f3 en el XI Marat\u00f3n Solidario de F\u00fatbol Sala de Bola\u00f1os de Calatrava celebrado el pasado 18 de Mayo. Este marat\u00f3n solidario est\u00e1 organizado por las JJSS de Bola\u00f1os. Es la d\u00e9cima participaci\u00f3n de nuestra asociaci\u00f3n, en un &hellip; <\/p>\n<p><a class=\"more-link btn\" href=\"https:\/\/acdjeyma.es\/?p=8201\">Seguir leyendo<\/a><\/p>\n","protected":false},"author":4,"featured_media":0,"comment_status":"open","ping_status":"open","sticky":false,"template":"","format":"standard","meta":{"jetpack_post_was_ever_published":false,"_jetpack_newsletter_access":"","_jetpack_dont_email_post_to_subs":false,"_jetpack_newsletter_tier_id":0,"_jetpack_memberships_contains_paywalled_content":false,"_jetpack_memberships_contains_paid_content":false,"footnotes":""},"categories":[2,3,8,240,14],"tags":[95,116,298,254],"class_list":["post-8201","post","type-post","status-publish","format-standard","hentry","category-acd-jeyma","category-actividades","category-deportivas","category-futbol-sala","category-noticias","tag-futbol-sala","tag-jeyma","tag-maraton","tag-solidario","item-wrap"],"jetpack_featured_media_url":"","jetpack_shortlink":"https:\/\/wp.me\/p3uf9Z-28h","jetpack_sharing_enabled":true,"jetpack-related-posts":[{"id":9249,"url":"https:\/\/acdjeyma.es\/?p=9249","url_meta":{"origin":8201,"position":0},"title":"La ACDJ colabora de nuevo en el Marat\u00f3n Solidario bola\u00f1ego de f\u00fatbol sala","author":"mars9","date":"31 &#100;&#101; mayo &#100;&#101; 2025","format":false,"excerpt":"Equipo de f\u00fatbol sala Sport Team Jeyma","rel":"","context":"En \u00abACD Jeyma\u00bb","block_context":{"text":"ACD Jeyma","link":"https:\/\/acdjeyma.es\/?cat=2"},"img":{"alt_text":"Equipo Sport Team Jeyma","src":"https:\/\/i0.wp.com\/acdjeyma.es\/wp-content\/uploads\/2025\/05\/20250526_155951.jpg?resize=350%2C200&ssl=1","width":350,"height":200,"srcset":"https:\/\/i0.wp.com\/acdjeyma.es\/wp-content\/uploads\/2025\/05\/20250526_155951.jpg?resize=350%2C200&ssl=1 1x, https:\/\/i0.wp.com\/acdjeyma.es\/wp-content\/uploads\/2025\/05\/20250526_155951.jpg?resize=525%2C300&ssl=1 1.5x, https:\/\/i0.wp.com\/acdjeyma.es\/wp-content\/uploads\/2025\/05\/20250526_155951.jpg?resize=700%2C400&ssl=1 2x"},"classes":[]},{"id":1822,"url":"https:\/\/acdjeyma.es\/?p=1822","url_meta":{"origin":8201,"position":1},"title":"La ACDJ un a\u00f1o m\u00e1s apoyando al pueblo saharaui","author":"mars9","date":"17 &#100;&#101; diciembre &#100;&#101; 2012","format":false,"excerpt":"La Asociaci\u00f3n Cultural y Deportiva Jeyma, a trav\u00e9s de su equipo de f\u00fatbol sala Sport Team Jeyma, particip\u00f3 en el III Marat\u00f3n Solidario de F\u00fatbol Sala de Bola\u00f1os de Calatrava celebrado el pasado 2 de Diciembre. Este marat\u00f3n solidario est\u00e1 organizado conjuntamente por las JJSS de Bola\u00f1os y los alumnos\u2026","rel":"","context":"En \u00abDeportivas\u00bb","block_context":{"text":"Deportivas","link":"https:\/\/acdjeyma.es\/?cat=8"},"img":{"alt_text":"Equipo del Sport Team Jeyma que particip\u00f3 en el marat\u00f3n solidario 2012","src":"https:\/\/i0.wp.com\/acdjeyma.es\/wp-content\/uploads\/2012\/12\/maraton2012.jpg?resize=350%2C200&ssl=1","width":350,"height":200},"classes":[]},{"id":1180,"url":"https:\/\/acdjeyma.es\/?p=1180","url_meta":{"origin":8201,"position":2},"title":"La ACDJ colabora con los refugiados del S\u00e1hara","author":"mars9","date":"26 &#100;&#101; enero &#100;&#101; 2012","format":false,"excerpt":"La Asociaci\u00f3n Cultural y Deportiva Jeyma, a trav\u00e9s de su equipo de f\u00fatbol sala Sport Team Jeyma, particip\u00f3 en el II Marat\u00f3n Solidario de F\u00fatbol Sala de Bola\u00f1os de Calatrava el pasado 15 de Enero, organizado conjuntamente por las JJSS de Bola\u00f1os y los alumnos de Magisterio que realizar\u00e1n pr\u00e1cticas\u2026","rel":"","context":"En \u00abDeportivas\u00bb","block_context":{"text":"Deportivas","link":"https:\/\/acdjeyma.es\/?cat=8"},"img":{"alt_text":"Miembros del equipo con el trofeo","src":"https:\/\/i0.wp.com\/acdjeyma.es\/wp-content\/uploads\/2012\/01\/maraton2011a.jpg?resize=350%2C200&ssl=1","width":350,"height":200},"classes":[]},{"id":1397,"url":"https:\/\/acdjeyma.es\/?p=1397","url_meta":{"origin":8201,"position":3},"title":"II Marat\u00f3n Solidario de F\u00fatbol Sala de Bola\u00f1os (15\/1\/2012)","author":"jeyma","date":"26 &#100;&#101; enero &#100;&#101; 2012","format":false,"excerpt":"II Marat\u00f3n Solidario de F\u00fatbol Sala de Bola\u00f1os (15\/1\/2012)","rel":"","context":"En \u00abGaler\u00eda de fotos\u00bb","block_context":{"text":"Galer\u00eda de fotos","link":"https:\/\/acdjeyma.es\/?cat=12"},"img":{"alt_text":"","src":"https:\/\/i0.wp.com\/acdjeyma.es\/wp-content\/uploads\/2012\/01\/maraton2011b-150x150.jpg?resize=350%2C200&ssl=1","width":350,"height":200},"classes":[]},{"id":1894,"url":"https:\/\/acdjeyma.es\/?p=1894","url_meta":{"origin":8201,"position":4},"title":"III Marat\u00f3n Solidario de F\u00fatbol Sala de Bola\u00f1os (2\/12\/2012)","author":"jeyma","date":"18 &#100;&#101; diciembre &#100;&#101; 2012","format":false,"excerpt":"III Marat\u00f3n Solidario de F\u00fatbol Sala de Bola\u00f1os (2\/12\/2012)","rel":"","context":"En \u00abGaler\u00eda de fotos\u00bb","block_context":{"text":"Galer\u00eda de fotos","link":"https:\/\/acdjeyma.es\/?cat=12"},"img":{"alt_text":"","src":"https:\/\/i0.wp.com\/acdjeyma.es\/wp-content\/uploads\/2012\/12\/maraton2012-150x150.jpg?resize=350%2C200&ssl=1","width":350,"height":200},"classes":[]},{"id":3459,"url":"https:\/\/acdjeyma.es\/?p=3459","url_meta":{"origin":8201,"position":5},"title":"La solidaridad a escena este fin de semana","author":"mars9","date":"8 &#100;&#101; diciembre &#100;&#101; 2014","format":false,"excerpt":"Como viene siendo habitual en los \u00faltimos a\u00f1os, pero esta vez comprimido en un s\u00f3lo fin de semana, la asociaci\u00f3n tuvo este primer fin de semana de diciembre una gran actividad solidaria. Por un lado, entre el s\u00e1bado y el domingo, particip\u00f3 con su equipo Sport Team Jeyma de f\u00fatbol\u2026","rel":"","context":"En \u00abACD Jeyma\u00bb","block_context":{"text":"ACD Jeyma","link":"https:\/\/acdjeyma.es\/?cat=2"},"img":{"alt_text":"20141207_110610","src":"https:\/\/i0.wp.com\/acdjeyma.es\/wp-content\/uploads\/2014\/12\/20141207_110610-300x225.jpg?resize=350%2C200","width":350,"height":200},"classes":[]}],"_links":{"self":[{"href":"https:\/\/acdjeyma.es\/index.php?rest_route=\/wp\/v2\/posts\/8201","targetHints":{"allow":["GET"]}}],"collection":[{"href":"https:\/\/acdjeyma.es\/index.php?rest_route=\/wp\/v2\/posts"}],"about":[{"href":"https:\/\/acdjeyma.es\/index.php?rest_route=\/wp\/v2\/types\/post"}],"author":[{"embeddable":true,"href":"https:\/\/acdjeyma.es\/index.php?rest_route=\/wp\/v2\/users\/4"}],"replies":[{"embeddable":true,"href":"https:\/\/acdjeyma.es\/index.php?rest_route=%2Fwp%2Fv2%2Fcomments&post=8201"}],"version-history":[{"count":1,"href":"https:\/\/acdjeyma.es\/index.php?rest_route=\/wp\/v2\/posts\/8201\/revisions"}],"predecessor-version":[{"id":8203,"href":"https:\/\/acdjeyma.es\/index.php?rest_route=\/wp\/v2\/posts\/8201\/revisions\/8203"}],"wp:attachment":[{"href":"https:\/\/acdjeyma.es\/index.php?rest_route=%2Fwp%2Fv2%2Fmedia&parent=8201"}],"wp:term":[{"taxonomy":"category","embeddable":true,"href":"https:\/\/acdjeyma.es\/index.php?rest_route=%2Fwp%2Fv2%2Fcategories&post=8201"},{"taxonomy":"post_tag","embeddable":true,"href":"https:\/\/acdjeyma.es\/index.php?rest_route=%2Fwp%2Fv2%2Ftags&post=8201"}],"curies":[{"name":"wp","href":"https:\/\/api.w.org\/{rel}","templated":true}]}}