{"id":5286,"date":"2019-08-16T13:13:19","date_gmt":"2019-08-16T11:13:19","guid":{"rendered":"http:\/\/acdjeyma.es\/?p=5286"},"modified":"2019-08-27T10:46:04","modified_gmt":"2019-08-27T08:46:04","slug":"felix-garzas-y-gema-castro-vencedores-en-la-edicion-mas-participativa-de-la-carrera-solidaria-acd-jeyma-de-bolanos","status":"publish","type":"post","link":"https:\/\/acdjeyma.es\/?p=5286","title":{"rendered":"F\u00e9lix Garz\u00e1s y Gema Castro, vencedores en la edici\u00f3n m\u00e1s participativa de la Carrera Solidaria ACD Jeyma de Bola\u00f1os"},"content":{"rendered":"<p>Durante la ma\u00f1ana del 15 de agosto, coincidiendo con la festividad que da nombre al barrio de Santa Mar\u00eda de Bola\u00f1os de Calatrava, la Asociaci\u00f3n Cultural y Deportiva Jeyma organiz\u00f3 la quinta edici\u00f3n de su Carrera Solidaria por las calles del mencionado barrio. La prueba cont\u00f3 con la colaboraci\u00f3n del Excmo. Ayuntamiento de Bola\u00f1os, la Polic\u00eda Local y Protecci\u00f3n Civil de Bola\u00f1os adem\u00e1s del patrocinio de la Diputaci\u00f3n de Ciudad Real y diversas empresas de la provincia.<a href=\"http:\/\/acdjeyma.es\/wp-content\/uploads\/2019\/08\/Foto-de-familia.jpg\"><img loading=\"lazy\" decoding=\"async\" data-attachment-id=\"5287\" data-permalink=\"https:\/\/acdjeyma.es\/?attachment_id=5287\" data-orig-file=\"https:\/\/acdjeyma.es\/wp-content\/uploads\/2019\/08\/Foto-de-familia.jpg\" data-orig-size=\"5184,3456\" data-comments-opened=\"1\" data-image-meta=\"{&quot;aperture&quot;:&quot;5.6&quot;,&quot;credit&quot;:&quot;&quot;,&quot;camera&quot;:&quot;Canon EOS 1300D&quot;,&quot;caption&quot;:&quot;&quot;,&quot;created_timestamp&quot;:&quot;1565868638&quot;,&quot;copyright&quot;:&quot;&quot;,&quot;focal_length&quot;:&quot;18&quot;,&quot;iso&quot;:&quot;100&quot;,&quot;shutter_speed&quot;:&quot;0.0025&quot;,&quot;title&quot;:&quot;&quot;,&quot;orientation&quot;:&quot;1&quot;}\" data-image-title=\"Foto de familia\" data-image-description=\"\" data-image-caption=\"\" data-medium-file=\"https:\/\/acdjeyma.es\/wp-content\/uploads\/2019\/08\/Foto-de-familia-300x200.jpg\" data-large-file=\"https:\/\/acdjeyma.es\/wp-content\/uploads\/2019\/08\/Foto-de-familia-1024x683.jpg\" class=\"alignright size-medium wp-image-5287\" src=\"http:\/\/acdjeyma.es\/wp-content\/uploads\/2019\/08\/Foto-de-familia-300x200.jpg\" alt=\"\" width=\"300\" height=\"200\" srcset=\"https:\/\/acdjeyma.es\/wp-content\/uploads\/2019\/08\/Foto-de-familia-300x200.jpg 300w, https:\/\/acdjeyma.es\/wp-content\/uploads\/2019\/08\/Foto-de-familia-768x512.jpg 768w, https:\/\/acdjeyma.es\/wp-content\/uploads\/2019\/08\/Foto-de-familia-1024x683.jpg 1024w\" sizes=\"auto, (max-width: 300px) 100vw, 300px\" \/><\/a><\/p>\n<p>Dado el marcado car\u00e1cter solidario de esta carrera, al margen de promover la pr\u00e1ctica deportiva en la localidad, el objetivo fundamental era recaudar fondos que en esta edici\u00f3n estaban destinados a Padisbol, asociaci\u00f3n de padres y amigos de las personas con discapacidad de Bola\u00f1os. As\u00ed, las inscripciones de los 116 participantes (r\u00e9cord de participaci\u00f3n de esta carrera, doblando las inscripciones del a\u00f1o anterior) junto con los donativos recibidos, que en conjunto ascendieron a la cantidad de 600 euros, fueron donados \u00edntegramente a esta causa solidaria.<\/p>\n<p>En el \u00e1mbito deportivo, los corredores recorrieron una distancia de 5 km por las calles del barrio de Santa Mar\u00eda, en una veraniega ma\u00f1ana en la que el sol se hizo notar. Las dos vueltas al circuito urbano se pod\u00edan completar corriendo o andando. En categor\u00eda masculina se impuso el daimiele\u00f1o F\u00e9lix Garz\u00e1s Mu\u00f1oz de Morales, seguido del pozuele\u00f1o Jes\u00fas Miguel Calle Rodr\u00edguez, que repet\u00eda la posici\u00f3n de la edici\u00f3n anterior. El ciudadreale\u00f1o Rafael Noguera Castellanos, ganador en 2016, completaba el podio. Por su parte, en categor\u00eda femenina la victoria fue para la atleta local Gema Castro L\u00f3pez, que ganaba la carrera por primera vez, estando acompa\u00f1ada en segundo lugar por Chari Dom\u00ednguez Mart\u00edn, atleta de Fuente el Fresno y por Mar\u00eda Ortega L\u00f3pez, de Ciudad Real, en tercer lugar.<\/p>\n<p>Al finalizar la prueba y tras la entrega de trofeos a los tres primeros clasificados de ambas categor\u00edas, junto con productos locales a los vencedores, la asociaci\u00f3n procedi\u00f3 a sortear regalos entre todos los participantes. Mientras, se pudo disfrutar de un avituallamiento especial en la zona de meta para corredores y voluntarios, a la vez que se entregaba una completa bolsa de corredor compuesta por una mochila saco, camiseta t\u00e9cnica, refrescos y piezas de fruta. Con el habitual buen ambiente que predomina en este tipo de eventos, todos los corredores, colaboradores y p\u00fablico en general fueron part\u00edcipes de una agradable ma\u00f1ana de deporte y solidaridad.<\/p>\n<p class=\"none\"><a title=\"Clasificaci\u00f3n General V Carrera Solidaria\" href=\"http:\/\/acdjeyma.es\/documents\/carrera2019general.pdf\" target=\"_blank\" rel=\"noopener noreferrer\"><img loading=\"lazy\" decoding=\"async\" style=\"border: 0pt none; vertical-align: middle;\" title=\"pdf\" src=\"\/images\/icons\/pdf.gif\" alt=\"pdf\" width=\"16\" height=\"16\" \/> Clasificaci\u00f3n General V Carrera Solidaria \u00abACD Jeyma\u00bb &#8211; Bola\u00f1os 2019<\/a><br \/>\n<a title=\"Galer\u00eda Fotogr\u00e1fica V Carrera Solidaria\" href=\"https:\/\/photos.app.goo.gl\/eMmZ8fQnZ1JqZibN7\" target=\"_blank\" rel=\"noopener noreferrer\"><img loading=\"lazy\" decoding=\"async\" style=\"border: 0pt none; vertical-align: middle;\" title=\"galer\u00eda\" src=\"\/images\/icons\/galeria.gif\" alt=\"galer\u00eda\" width=\"16\" height=\"16\" \/> Galer\u00eda Fotogr\u00e1fica V Carrera Solidaria \u00abACD Jeyma\u00bb &#8211; Bola\u00f1os 2019<\/a>\u00a0(fotograf\u00edas realizadas por Sonsoles Calzado Menchero)<\/p>\n","protected":false},"excerpt":{"rendered":"<p>Durante la ma\u00f1ana del 15 de agosto, coincidiendo con la festividad que da nombre al barrio de Santa Mar\u00eda de Bola\u00f1os de Calatrava, la Asociaci\u00f3n Cultural y Deportiva Jeyma organiz\u00f3 la quinta edici\u00f3n de su Carrera Solidaria por las calles del mencionado barrio. La prueba cont\u00f3 con la colaboraci\u00f3n del Excmo. Ayuntamiento de Bola\u00f1os, la &hellip; <\/p>\n<p><a class=\"more-link btn\" href=\"https:\/\/acdjeyma.es\/?p=5286\">Seguir leyendo<\/a><\/p>\n","protected":false},"author":4,"featured_media":5287,"comment_status":"open","ping_status":"open","sticky":false,"template":"","format":"standard","meta":{"jetpack_post_was_ever_published":false,"_jetpack_newsletter_access":"","_jetpack_dont_email_post_to_subs":false,"_jetpack_newsletter_tier_id":0,"_jetpack_memberships_contains_paywalled_content":false,"_jetpack_memberships_contains_paid_content":false,"footnotes":""},"categories":[2,3,6,8,14,16],"tags":[270,132,149,116,190],"class_list":["post-5286","post","type-post","status-publish","format-standard","has-post-thumbnail","hentry","category-acd-jeyma","category-actividades","category-culturales","category-deportivas","category-noticias","category-solidarias","tag-270","tag-bolanos","tag-carrera","tag-jeyma","tag-solidaria","item-wrap"],"jetpack_featured_media_url":"https:\/\/acdjeyma.es\/wp-content\/uploads\/2019\/08\/Foto-de-familia.jpg","jetpack_shortlink":"https:\/\/wp.me\/p3uf9Z-1ng","jetpack_sharing_enabled":true,"jetpack-related-posts":[{"id":4552,"url":"https:\/\/acdjeyma.es\/?p=4552","url_meta":{"origin":5286,"position":0},"title":"Javier Andrade y Rufina Donoso, vencedores en la IV Carrera Solidaria Jeyma de Bola\u00f1os","author":"jeyma","date":"16 &#100;&#101; agosto &#100;&#101; 2018","format":false,"excerpt":"Durante la ma\u00f1ana del 15 de agosto, coincidiendo con la festividad que da nombre al barrio de Santa Mar\u00eda de Bola\u00f1os de Calatrava, la Asociaci\u00f3n Cultural y Deportiva Jeyma organiz\u00f3 la cuarta edici\u00f3n de su Carrera Solidaria por las calles del mencionado barrio. La prueba cont\u00f3 con la colaboraci\u00f3n del\u2026","rel":"","context":"En \u00abACD Jeyma\u00bb","block_context":{"text":"ACD Jeyma","link":"https:\/\/acdjeyma.es\/?cat=2"},"img":{"alt_text":"Foto de familia con participantes y voluntarios","src":"https:\/\/i0.wp.com\/acdjeyma.es\/wp-content\/uploads\/2018\/08\/IMG_6426-300x200.jpg?resize=350%2C200","width":350,"height":200},"classes":[]},{"id":4513,"url":"https:\/\/acdjeyma.es\/?p=4513","url_meta":{"origin":5286,"position":1},"title":"IV Carrera Solidaria Bola\u00f1os 2018","author":"mars9","date":"31 &#100;&#101; julio &#100;&#101; 2018","format":false,"excerpt":"El d\u00eda 15 de agosto de 2018 a partir de las 10 de la ma\u00f1ana (9:30 para recoger el dorsal) se celebrar\u00e1 en el Barrio de Santa Mar\u00eda de Bola\u00f1os de Calatrava (c\/ Ram\u00f3n y Cajal cruce con c\/ Cristo, salida y meta) la IV Carrera Solidaria organizada por la\u2026","rel":"","context":"En \u00abACD Jeyma\u00bb","block_context":{"text":"ACD Jeyma","link":"https:\/\/acdjeyma.es\/?cat=2"},"img":{"alt_text":"Cartel IV Carrera Solidaria","src":"https:\/\/i0.wp.com\/acdjeyma.es\/wp-content\/uploads\/2018\/07\/IMG-20180731-WA0011.jpg?resize=350%2C200&ssl=1","width":350,"height":200,"srcset":"https:\/\/i0.wp.com\/acdjeyma.es\/wp-content\/uploads\/2018\/07\/IMG-20180731-WA0011.jpg?resize=350%2C200&ssl=1 1x, https:\/\/i0.wp.com\/acdjeyma.es\/wp-content\/uploads\/2018\/07\/IMG-20180731-WA0011.jpg?resize=525%2C300&ssl=1 1.5x, https:\/\/i0.wp.com\/acdjeyma.es\/wp-content\/uploads\/2018\/07\/IMG-20180731-WA0011.jpg?resize=700%2C400&ssl=1 2x, https:\/\/i0.wp.com\/acdjeyma.es\/wp-content\/uploads\/2018\/07\/IMG-20180731-WA0011.jpg?resize=1050%2C600&ssl=1 3x"},"classes":[]},{"id":4265,"url":"https:\/\/acdjeyma.es\/?p=4265","url_meta":{"origin":5286,"position":2},"title":"III Carrera Solidaria Bola\u00f1os 2017","author":"mars9","date":"2 &#100;&#101; agosto &#100;&#101; 2017","format":false,"excerpt":"El d\u00eda 13 de agosto de 2017 a partir de las 10 de la ma\u00f1ana (9:30 para recoger el dorsal) se celebrar\u00e1 en el Barrio de Santa Mar\u00eda de Bola\u00f1os de Calatrava (c\/ Ram\u00f3n y Cajal cruce con c\/ Cristo, salida y meta) la III Carrera Solidaria organizada por la\u2026","rel":"","context":"En \u00abACD Jeyma\u00bb","block_context":{"text":"ACD Jeyma","link":"https:\/\/acdjeyma.es\/?cat=2"},"img":{"alt_text":"III Carrera Solidaria ACD Jeyma","src":"https:\/\/i0.wp.com\/acdjeyma.es\/wp-content\/uploads\/2017\/08\/Inicio-de-la-carrera-300x225.jpg?resize=350%2C200","width":350,"height":200},"classes":[]},{"id":3564,"url":"https:\/\/acdjeyma.es\/?p=3564","url_meta":{"origin":5286,"position":3},"title":"Carrera Solidaria Bola\u00f1os 2015","author":"mars9","date":"3 &#100;&#101; agosto &#100;&#101; 2015","format":false,"excerpt":"El d\u00eda 16 de agosto de 2015 a partir de las 10 de la ma\u00f1ana (9:30 para recoger el dorsal) se celebrar\u00e1 en el Barrio de Santa Mar\u00eda de Bola\u00f1os de Calatrava (c\/ Ram\u00f3n y Cajal cruce con c\/ Cristo, salida y meta) la I Carrera Solidaria organizada por la\u2026","rel":"","context":"En \u00abACD Jeyma\u00bb","block_context":{"text":"ACD Jeyma","link":"https:\/\/acdjeyma.es\/?cat=2"},"img":{"alt_text":"Cartel Carrera Solidaria 2015 ACD Jeyma","src":"https:\/\/i0.wp.com\/acdjeyma.es\/wp-content\/uploads\/2015\/08\/Cartel-Carrera-Solidaria-ACDJ-216x300.png?resize=350%2C200","width":350,"height":200},"classes":[]},{"id":4033,"url":"https:\/\/acdjeyma.es\/?p=4033","url_meta":{"origin":5286,"position":4},"title":"El ciudadreale\u00f1o Rafael Noguera, ganador de la II Carrera Solidaria de Bola\u00f1os","author":"mars9","date":"17 &#100;&#101; agosto &#100;&#101; 2016","format":false,"excerpt":"El pasado\u00a0lunes 15 de agosto se celebr\u00f3 la II Carrera Solidaria en Bola\u00f1os de Calatrava. La Asociaci\u00f3n Cultural y Deportiva Jeyma organiz\u00f3 esta actividad por segundo a\u00f1o, dentro de su programaci\u00f3n anual de\u00a0actividades. Un evento que cont\u00f3 con la colaboraci\u00f3n del Excmo, Ayuntamiento de Bola\u00f1os y la Polic\u00eda Municipal, adem\u00e1s\u2026","rel":"","context":"En \u00abACD Jeyma\u00bb","block_context":{"text":"ACD Jeyma","link":"https:\/\/acdjeyma.es\/?cat=2"},"img":{"alt_text":"Participantes en la II Carrera Solidaria ACD Jeyma en Bola\u00f1os de Calatrava","src":"https:\/\/i0.wp.com\/acdjeyma.es\/wp-content\/uploads\/2016\/08\/SAM_0843-300x102.jpg?resize=350%2C200","width":350,"height":200},"classes":[]},{"id":3934,"url":"https:\/\/acdjeyma.es\/?p=3934","url_meta":{"origin":5286,"position":5},"title":"II Carrera Solidaria Bola\u00f1os 2016","author":"mars9","date":"2 &#100;&#101; agosto &#100;&#101; 2016","format":false,"excerpt":"El d\u00eda 15 de agosto de 2016 a partir de las 10 de la ma\u00f1ana (9:30 para recoger el dorsal) se celebrar\u00e1 en el Barrio de Santa Mar\u00eda de Bola\u00f1os de Calatrava (c\/ Ram\u00f3n y Cajal cruce con c\/ Cristo, salida y meta) la II Carrera Solidaria organizada por la\u2026","rel":"","context":"En \u00abACD Jeyma\u00bb","block_context":{"text":"ACD Jeyma","link":"https:\/\/acdjeyma.es\/?cat=2"},"img":{"alt_text":"II Carrera Solidaria ACD Jeyma Bola\u00f1os 2016","src":"https:\/\/i0.wp.com\/acdjeyma.es\/wp-content\/uploads\/2016\/08\/carrera-solidaria-2016-212x300.jpg?resize=350%2C200","width":350,"height":200},"classes":[]}],"_links":{"self":[{"href":"https:\/\/acdjeyma.es\/index.php?rest_route=\/wp\/v2\/posts\/5286","targetHints":{"allow":["GET"]}}],"collection":[{"href":"https:\/\/acdjeyma.es\/index.php?rest_route=\/wp\/v2\/posts"}],"about":[{"href":"https:\/\/acdjeyma.es\/index.php?rest_route=\/wp\/v2\/types\/post"}],"author":[{"embeddable":true,"href":"https:\/\/acdjeyma.es\/index.php?rest_route=\/wp\/v2\/users\/4"}],"replies":[{"embeddable":true,"href":"https:\/\/acdjeyma.es\/index.php?rest_route=%2Fwp%2Fv2%2Fcomments&post=5286"}],"version-history":[{"count":6,"href":"https:\/\/acdjeyma.es\/index.php?rest_route=\/wp\/v2\/posts\/5286\/revisions"}],"predecessor-version":[{"id":5304,"href":"https:\/\/acdjeyma.es\/index.php?rest_route=\/wp\/v2\/posts\/5286\/revisions\/5304"}],"wp:featuredmedia":[{"embeddable":true,"href":"https:\/\/acdjeyma.es\/index.php?rest_route=\/wp\/v2\/media\/5287"}],"wp:attachment":[{"href":"https:\/\/acdjeyma.es\/index.php?rest_route=%2Fwp%2Fv2%2Fmedia&parent=5286"}],"wp:term":[{"taxonomy":"category","embeddable":true,"href":"https:\/\/acdjeyma.es\/index.php?rest_route=%2Fwp%2Fv2%2Fcategories&post=5286"},{"taxonomy":"post_tag","embeddable":true,"href":"https:\/\/acdjeyma.es\/index.php?rest_route=%2Fwp%2Fv2%2Ftags&post=5286"}],"curies":[{"name":"wp","href":"https:\/\/api.w.org\/{rel}","templated":true}]}}