{"id":434,"date":"2011-05-17T17:38:18","date_gmt":"2011-05-17T16:38:18","guid":{"rendered":"http:\/\/asociacion.sportteamjeyma.hostei.com\/?p=434"},"modified":"2018-08-23T21:17:33","modified_gmt":"2018-08-23T19:17:33","slug":"entrevista-a-d-horacio-jose-aldaria-sanchez-ac-ai-2","status":"publish","type":"post","link":"https:\/\/acdjeyma.es\/?p=434","title":{"rendered":"Entrevista a D. Horacio Jos\u00e9 Aldaria S\u00e1nchez (AC-AI)"},"content":{"rendered":"<div id=\"attachment_333\" style=\"width: 210px\" class=\"wp-caption alignright\"><a rel=\"attachment wp-att-333\" href=\"?attachment_id=333\"><img loading=\"lazy\" decoding=\"async\" aria-describedby=\"caption-attachment-333\" data-attachment-id=\"333\" data-permalink=\"https:\/\/acdjeyma.es\/?attachment_id=333\" data-orig-file=\"https:\/\/acdjeyma.es\/wp-content\/uploads\/2011\/05\/horacio.jpg\" data-orig-size=\"210,280\" data-comments-opened=\"1\" data-image-meta=\"{&quot;aperture&quot;:&quot;0&quot;,&quot;credit&quot;:&quot;&quot;,&quot;camera&quot;:&quot;&quot;,&quot;caption&quot;:&quot;&quot;,&quot;created_timestamp&quot;:&quot;0&quot;,&quot;copyright&quot;:&quot;&quot;,&quot;focal_length&quot;:&quot;0&quot;,&quot;iso&quot;:&quot;0&quot;,&quot;shutter_speed&quot;:&quot;0&quot;,&quot;title&quot;:&quot;&quot;}\" data-image-title=\"D. Horacio Jos\u00e9 Aldaria S\u00e1nchez, de 24 a\u00f1os de edad, es Ingeniero T\u00e9cnico Agr\u00edcola. Figura como n\u00famero 2 de la candidatura de Acci\u00f3n Ciudadana \u2013 Agrupaci\u00f3n Independiente para las elecciones del 22 de mayo\" data-image-description=\"&lt;p&gt;D. Horacio Jos\u00e9 Aldaria S\u00e1nchez, de 24 a\u00f1os de edad, es Ingeniero T\u00e9cnico Agr\u00edcola. Figura como n\u00famero 2 de la candidatura de Acci\u00f3n Ciudadana \u2013 Agrupaci\u00f3n Independiente para las elecciones del 22 de mayo.&lt;\/p&gt;\n\" data-image-caption=\"&lt;p&gt;D. Horacio Jos\u00e9 Aldaria S\u00e1nchez, de 24 a\u00f1os de edad, es Ingeniero T\u00e9cnico Agr\u00edcola. Figura como n\u00famero 2 de la candidatura de Acci\u00f3n Ciudadana \u2013 Agrupaci\u00f3n Independiente para las elecciones del 22 de mayo.&lt;\/p&gt;\n\" data-medium-file=\"https:\/\/acdjeyma.es\/wp-content\/uploads\/2011\/05\/horacio.jpg\" data-large-file=\"https:\/\/acdjeyma.es\/wp-content\/uploads\/2011\/05\/horacio.jpg\" class=\"size-full wp-image-333\" title=\"D. Horacio Jos\u00e9 Aldaria S\u00e1nchez, de 24 a\u00f1os de edad, es Ingeniero T\u00e9cnico Agr\u00edcola. Figura como n\u00famero 2 de la candidatura de Acci\u00f3n Ciudadana \u2013 Agrupaci\u00f3n Independiente para las elecciones del 22 de mayo\" src=\"http:\/\/acdjeyma.es\/wp-content\/uploads\/2011\/05\/horacio.jpg\" alt=\"D. Horacio Jos\u00e9 Aldaria S\u00e1nchez, de 24 a\u00f1os de edad, es Ingeniero T\u00e9cnico Agr\u00edcola. Figura como n\u00famero 2 de la candidatura de Acci\u00f3n Ciudadana \u2013 Agrupaci\u00f3n Independiente para las elecciones del 22 de mayo\" width=\"210\" height=\"280\" \/><\/a><p id=\"caption-attachment-333\" class=\"wp-caption-text\">D. Horacio Jos\u00e9 Aldaria S\u00e1nchez, de 24 a\u00f1os de edad, es Ingeniero T\u00e9cnico Agr\u00edcola. Figura como n\u00famero 2 de la candidatura de Acci\u00f3n Ciudadana \u2013 Agrupaci\u00f3n Independiente para las elecciones del 22 de mayo.<\/p><\/div>\n<ol>\n<li style=\"text-align: justify;\"><strong>\u00bfC\u00f3mo describir\u00eda Bola\u00f1os actualmente?<\/strong><br \/>\n<span style=\"color: #008000;\">R: Un campo de batalla. Denuncias, juicios, despidos de trabajadores injustificados que nos cuestan mucho dinero y de los que se aprovecha el PP, cuando quien les ha defendido ha sido una Independiente, afiliada a AC-AI. Tanto el PSOE como el PP son responsables del clima de crispaci\u00f3n y rencor que se percibe.<\/span><\/li>\n<li style=\"text-align: justify;\"><strong>\u00bfQu\u00e9 opina sobre la actividad que ha llevado a cabo la actual corporaci\u00f3n en esta legislatura?<\/strong><br \/>\n<span style=\"color: #008000;\">R: Hay que reconocer que han hecho muchas obras. El Plan E y las subvenciones que han solicitado a la JCCM han hecho posible tener una nueva guarder\u00eda, nuevo alumbrado p\u00fablico, una ludoteca, un Centro de Atenci\u00f3n Temprana o un Vivero de Empresas entre otras. Pero tambi\u00e9n es cierto que la guarder\u00eda es municipal y debemos asumir sus costes, que hubiera sido mejor que la JCCM se hubiera hecho cargo de ella o que las obras del Plan E, en vez de dispersarse y tratar de hacer muchas cosas, hubiera sido mejor concentrar el dinero en menos obras pero mucho mejor hechas.<\/p>\n<p><!--more--><\/p>\n<p>El ejemplo m\u00e1s claro es la Plaza de Espa\u00f1a cuyo solado no va a durar ni cinco a\u00f1os al paso que va su deterioro y el alumbrado que hay que reformarlo de nuevo. Tampoco han previsto en la plaza meter los servicios como la luz o el tel\u00e9fono (solo a t\u00edtulo de ejemplo) bajo el suelo y que nos aportar\u00edan una imagen m\u00e1s limpia y moderna, porque cuando uno piensa en su pueblo tiene que tener la mirada puesta en el futuro y al hacer una obra tratar de prever todas las reformas posibles para evitar despilfarros. Creo sinceramente que le han puesto empe\u00f1o, pero se han perdido en hacer muchas cosas, incluso en cambiar tanto la imagen del pueblo que han terminado enfadando a los vecinos. Por eso para nosotros es tan importante la opini\u00f3n de todos, sean del signo pol\u00edtico que sean, porque es la \u00fanica manera de que todos se sientan representados y part\u00edcipes. Podr\u00edamos hablarle de casi todas las obras, pero ser\u00eda excesivamente extenso, por eso se lo resumimos en una sola frase: Creemos sinceramente que no estaban preparados para asumir las responsabilidades de gobierno.<\/span><\/li>\n<li style=\"text-align: justify;\"><strong>\u00bfCu\u00e1les son los principales problemas que ve en Bola\u00f1os?<\/strong><br \/>\n<span style=\"color: #008000;\">R: Hay dos cuestiones principales, una es la actual situaci\u00f3n de paro y crisis de la que un gobierno municipal debe ocuparse en la medida de sus competencias y debe prestar medios y apoyo a los aut\u00f3nomos, comerciantes, empresarios y j\u00f3venes emprendedores para la creaci\u00f3n de empleo y riqueza; sin olvidar a los parados y a sus familias para quienes hay que arbitrar soluciones que les faciliten un d\u00eda a d\u00eda digno. Para ellos y entre otras medidas, se pondr\u00e1n en marcha planes de empleo y formaci\u00f3n que les faciliten salir de esa situaci\u00f3n. Por otra parte y como segunda cuesti\u00f3n, Bola\u00f1os arrastra un d\u00e9ficit de infraestructuras por los muchos a\u00f1os de gobierno del PP, que cuando hab\u00eda dinero en todas las administraciones no movi\u00f3 un solo dedo para paliarlo. Que tengamos agua de calidad es b\u00e1sico. El cambio de tuber\u00edas, como ya se ha hecho en otros pueblos es fundamental, ahora tendremos que ver con qu\u00e9 recursos se cuenta, porque el PP nunca pidi\u00f3 las subvenciones que ha habido para hacer ese cambio y el PSOE se ha gastado el dinero del contrato de adjudicaci\u00f3n del agua en cohetes. Los bola\u00f1egos\/as hubi\u00e9ramos ahorrado mucho dinero en nuestro presupuesto familiar si las obras se hubieran hecho a tiempo. Las carreteras que nos comunican est\u00e1n en un estado lamentable; no es s\u00f3lo una cuesti\u00f3n de comodidad, sino un mayor gasto en combustible y un mayor deterioro del veh\u00edculo y de las ruedas. Estamos hablando de dinero y nos merecemos unas carreteras mejores. Podr\u00eda seguir habl\u00e1ndote de educaci\u00f3n, de la formaci\u00f3n biling\u00fce, de Escuelas Deportivas o de M\u00fasica, de la Universidad Popular, que, estas \u00faltimas, a primera vista pueden parecer actividades de ocio, pero que tienen un componente formativo que no hay que olvidar.<\/span><\/li>\n<li style=\"text-align: justify;\"><strong>\u00bfQu\u00e9 har\u00eda para solucionarlos?<\/strong><br \/>\n<span style=\"color: #008000;\">R: Indudablemente trabajar a fondo para poner orden en ellos. Con valent\u00eda, tenacidad,  honradez, di\u00e1logo e ideas, que son las virtudes que debe tener un pol\u00edtico. Si trabajas y trabajas bien siempre ver\u00e1s los resultados.<\/span><\/li>\n<li style=\"text-align: justify;\"><strong>\u00bfCu\u00e1les son sus prioridades para Bola\u00f1os y en qu\u00e9 orden?<\/strong><br \/>\n<span style=\"color: #008000;\">R: El presupuesto. Es prioritario equilibrar los ingresos y gastos, es prioritario pagar las facturas. Es prioritario reducir algunos impuestos como el IBI, que ahora utiliza el PP, pero cuyo mayor incremento se lo debemos a ellos; por otra parte el PSOE en vez de reducir el tipo impositivo, lo increment\u00f3 durante dos a\u00f1os seguidos y eso a pesar de la crisis, por lo que acrecent\u00f3 el problema. Hay tasas que deber\u00edan eliminarse y si gobernamos se eliminar\u00e1n. Hay que pagar a los trabajadores y reducir los gastos suntuarios. Hay que eliminar los puestos de libre designaci\u00f3n y los concejales liberados que nos har\u00edan ahorrar una pasta. Tenemos empleados p\u00fablicos lo suficientemente responsables y preparados para asumir el trabajo de esas personas. Una vez controlada la casa pondremos en marcha las medidas necesarias para dar a Bola\u00f1os el impulso que se merece.<\/span><\/li>\n<li style=\"text-align: justify;\"><strong>\u00bfQu\u00e9 palabra utilizar\u00eda para definir el programa electoral de su partido?<\/strong><br \/>\n<span style=\"color: #008000;\">R: Un documento vivo, que ha de ir adapt\u00e1ndose a la realidad econ\u00f3mica y social de Bola\u00f1os. Nuestro programa refleja los colectivos y \u00e1reas de actuaci\u00f3n sobre las que estamos convencidos que hay que trabajar, pero ser\u00e1n esos colectivos y las personas a t\u00edtulo individual los que expongan en cada momento cu\u00e1les son sus necesidades; nosotros deberemos darles una respuesta. Nuestro programa no est\u00e1 numerado, ni siquiera le puedo decir el n\u00famero de propuestas porque lo importante no es hacer cosas, lo importante es saber cu\u00e1les son las prioritarias y c\u00f3mo se hacen.<\/span><\/li>\n<li style=\"text-align: justify;\"><strong>\u00bfCu\u00e1les son las propuestas principales que aparecen en \u00e9l?<\/strong><br \/>\n<span style=\"color: #008000;\">R: Austeridad en la gesti\u00f3n, bajada de impuestos, incentivar a las empresas y al peque\u00f1o comercio, insertar y proteger a los colectivos m\u00e1s desfavorecidos (parados, discapacitados, familias numerosas, mayores, mujeres v\u00edctimas de violencia, etc\u2026), prestar servicios municipales de calidad e implantar la administraci\u00f3n digital. Como proyectos de inversi\u00f3n, destacar\u00eda la Ciudad Deportiva y el Recinto Ferial, el arreglo de nuestras calles, una v\u00eda r\u00e1pida de acceso a las autov\u00edas, un nuevo centro de d\u00eda y una residencia, entre otros. Apostar por nuestros j\u00f3venes y becar los proyectos fin de carrera, si estos son aplicables a Bola\u00f1os y aportan I+D. Hay muchas \u00e1reas en las que somos competentes y podemos trabajar, pero como te dec\u00eda es un programa vivo y seguro que ampliable por los vecinos.<\/span><\/li>\n<li style=\"text-align: justify;\"><strong>\u00bfConf\u00eda en que su partido pueda ganar las pr\u00f3ximas elecciones?<\/strong><br \/>\n<span style=\"color: #008000;\">R: Lo pol\u00edticamente correcto ser\u00eda decirle que es f\u00e1cil ganar las elecciones, pero ante todo hemos de ser sinceros y cambiar de mentalidad a los bola\u00f1egos\/as en 15 d\u00edas de campa\u00f1a es un milagro. Pero estamos en pol\u00edtica porque estamos convencidos de que para cambiar las cosas alguien debe dar el primer paso y los retos nos estimulan. Seguiremos trabajando y alg\u00fan d\u00eda lo lograremos.<\/span><\/li>\n<li style=\"text-align: justify;\"><strong>\u00bfC\u00f3mo actuar\u00edan ante la problem\u00e1tica de la Plaza de Toros?<\/strong><br \/>\n<span style=\"color: #008000;\">R: La plaza de toros es un error en s\u00ed misma, deber\u00eda haberse hecho en otro sitio, con aparcamiento, m\u00e1s grande, incluso cubierta y que pudiera usarse como recinto multifuncional. Deber\u00eda estar encuadrada dentro de un recinto ferial y un nuevo parque, porque, como le dec\u00eda cuando uno piensa invertir tanto dinero deber\u00eda tener la mirada puesta en el futuro y prever m\u00e1s all\u00e1 del uso inmediato. Claro que quiz\u00e1 todos los pol\u00edticos no pueden hacerlo. En Bola\u00f1os todo se ha hecho peque\u00f1o y sin miras y darle una soluci\u00f3n a la plaza de toros donde el dinero que se tenga que invertir para repararla pueda ser amortizado y que nos dure en condiciones, hasta poder cumplir uno de nuestros objetivos que es dotar a Bola\u00f1os de un recinto ferial completo, es algo que habr\u00e1 que estudiar. No mantenerla como ha hecho el Partido Socialista nos parece un error, porque estamos deteriorando una inversi\u00f3n que nos ha costado mucho dinero. Por otra parte, la propuesta del PP que consiste en gastarnos en la plaza de toros todo el dinero necesario (que es mucho y no lo tenemos) por reparar su orgullo herido, es descabellado y caer de nuevo en el error. Porque en tiempo de crisis no podemos gastar m\u00e1s de medio mill\u00f3n de euros en reparar orgullos. Habr\u00e1 que hacer un estudio para cubrirla y ver si ello, soluciona el problema de las filtraciones, as\u00ed como reparar los toriles, el alumbrado, etc\u2026 La plaza de toros es algo que habr\u00e1 que estudiar detenidamente y pedirle opini\u00f3n al pueblo.<\/span><\/li>\n<li style=\"text-align: justify;\"><strong>\u00bfTienen pensada alguna medida relativa al asociacionismo?<\/strong><br \/>\n<span style=\"color: #008000;\">R: Para nosotros el asociacionismo es b\u00e1sico y transversal de la actividad pol\u00edtica. Significa el impulso privado para mejorar la convivencia. Es la base de la sociedad, todos unidos por un fin com\u00fan. Fomentar y apoyar el asociacionismo es primordial. Darles un espacio para sus reuniones prioritario, aunque primero tendremos que ver con qu\u00e9 locales disponibles contamos. La idea del viejo centro de salud es buena y la tendremos en consideraci\u00f3n.<\/span><\/li>\n<li style=\"text-align: justify;\"><strong>\u00bfEstar\u00eda su partido dispuesto a pactar con alg\u00fan grupo pol\u00edtico?<\/strong><br \/>\n<span style=\"color: #008000;\">R: Con todos. Somos independientes, las ideolog\u00edas no nos atan.<\/span><\/li>\n<li style=\"text-align: justify;\"><strong>\u00bfC\u00f3mo definir\u00eda al grupo del que forma parte?<\/strong><br \/>\n<span style=\"color: #008000;\">R: Un grupo fant\u00e1stico. Es estimulante c\u00f3mo personas que proceden de distintas ideolog\u00edas trabajan por una nueva idea y por una forma diferente de hacer pol\u00edtica. No les importa los pocos recursos con los que contamos, no les importa la poca proyecci\u00f3n pol\u00edtica que puedan tener por ser un partido tan peque\u00f1o, no les importa colaborar aunque sepan que tienen escasas posibilidades de salir, incluso los de los primeros puestos, pero lo hacen porque creen en el proyecto y en que es la forma de superar las rencillas ideol\u00f3gicas del PP y del PSOE, porque creen que su aportaci\u00f3n es necesaria para Bola\u00f1os.<\/span><\/li>\n<li style=\"text-align: justify;\"><strong>\u00bfQu\u00e9 es lo que le ha hecho adentrarse en pol\u00edtica?<\/strong><br \/>\n<span style=\"color: #008000;\">R: Hay un hecho externo: llevo m\u00e1s de 20 a\u00f1os sin acera ni luz en mi calle. Ver que no se solucionan los problemas de los ciudadanos, que es la base fundamental de la actividad pol\u00edtica, te hace plantearte si t\u00fa no tienes nada que aportar. Ver c\u00f3mo los dirigentes de uno u otro partido te clasifican por las ideas que ellos creen tener sobre ti, te hace ver que pretenden tener tu voto cautivo y manejar y organizarte tu vida, sin que les importe lo m\u00e1s m\u00ednimo si los servicios por los que pagas son o no de calidad o incluso si los tienes. Ver el deterioro de la vida p\u00fablica, las corruptelas, cuando no la corrupci\u00f3n en may\u00fasculas, las acusaciones que se cruzan uno u otro partido sin limpiar sus listas. Ver que no promueven una verdadera democracia con listas abiertas, donde los candidatos elegidos respondan ante sus votantes, ver c\u00f3mo se perpet\u00faan en el poder o en la cumbre del partido aunque la sociedad les est\u00e9 pidiendo a gritos que se vayan. Ver c\u00f3mo responden s\u00f3lo ante el partido. Ver c\u00f3mo corrompen la sociedad, confundiendo agradecimiento con clientelismo. Ver, en definitiva, la falta de responsabilidad pol\u00edtica y personal frente a los ciudadanos y por ello nuestro partido quiere se una palanca que remueva las conciencias. En nuestra p\u00e1gina web puedes encontrar, en el bolet\u00edn de febrero de 2011 un art\u00edculo titulado \u201clos Tiempos Bobos\u201d y podr\u00e1s entender qu\u00e9 nos mueve.<\/span><\/li>\n<li style=\"text-align: justify;\"><strong>Si su partido sale elegido, \u00bfqu\u00e9 concejal\u00eda o cargo ocupar\u00eda usted?<\/strong><br \/>\n<span style=\"color: #008000;\">R: No tenemos por costumbre repartir cargos, ni vender la piel del oso antes de cazarlo. En cualquier caso la labor de un concejal es orientar y controlar su \u00e1rea de responsabilidad en la direcci\u00f3n que marca la corporaci\u00f3n contando siempre con la ayuda y orientaci\u00f3n de los t\u00e9cnicos y la colaboraci\u00f3n de los ciudadanos.<\/span><\/li>\n<li style=\"text-align: justify;\"><strong>En base a ello, \u00bfqu\u00e9 tiene pensado desarrollar en ese \u00e1mbito?<\/strong><br \/>\n<span style=\"color: #008000;\">R: Somos un equipo y como tal, todas las opiniones son v\u00e1lidas, por lo tanto, me toque la concejal\u00eda que me toque, contar\u00e9 con la inestimable ayuda de mis compa\u00f1eros, de los trabajadores del \u00e1rea y siempre escuchando a los ciudadanos y a los otros partidos de la corporaci\u00f3n.<\/span><\/li>\n<li style=\"text-align: justify;\"><strong>\u00bfPor qu\u00e9 votar AC-AI?<\/strong><br \/>\n<span style=\"color: #008000;\">R: Porque AC-AI hace una pol\u00edtica de cara al ciudadano y eso crea caminos diferentes. Porque nuestra forma de ver las cosas es una opci\u00f3n de futuro; porque suma y no divide, porque motiva a la acci\u00f3n y crea esperanza de que en la pol\u00edtica se puede jugar de forma diferente. Porque todos, sin excepci\u00f3n, van a poder acceder a su alcalde, porque a nadie se le va a juzgar por sus ideas. Porque tenemos un proyecto y ganas para desarrollarlo. Porque nuestro futuro est\u00e1 en Bola\u00f1os y no en ascender a altos cargos del partido. Porque creemos en todo lo que decimos y ya tenemos un empleo al margen de la pol\u00edtica.<\/span><\/li>\n<li style=\"text-align: justify;\"><strong>\u00bfAlgo que quiera a\u00f1adir para finalizar? Muchas gracias por su colaboraci\u00f3n y por su disposici\u00f3n para contestar a estas preguntas. Suerte de cara al 22-M.<\/strong><br \/>\n<span style=\"color: #008000;\">R: Gracias a vosotros. Esperamos poder contar con vuestra colaboraci\u00f3n para hacer un Bola\u00f1os mejor.<\/span><\/li>\n<\/ol>\n","protected":false},"excerpt":{"rendered":"<p>\u00bfC\u00f3mo describir\u00eda Bola\u00f1os actualmente? R: Un campo de batalla. Denuncias, juicios, despidos de trabajadores injustificados que nos cuestan mucho dinero y de los que se aprovecha el PP, cuando quien les ha defendido ha sido una Independiente, afiliada a AC-AI. Tanto el PSOE como el PP son responsables del clima de crispaci\u00f3n y rencor que &hellip; <\/p>\n<p><a class=\"more-link btn\" href=\"https:\/\/acdjeyma.es\/?p=434\">Seguir leyendo<\/a><\/p>\n","protected":false},"author":1,"featured_media":333,"comment_status":"open","ping_status":"open","sticky":false,"template":"","format":"standard","meta":{"jetpack_post_was_ever_published":false,"_jetpack_newsletter_access":"","_jetpack_dont_email_post_to_subs":false,"_jetpack_newsletter_tier_id":0,"_jetpack_memberships_contains_paywalled_content":false,"_jetpack_memberships_contains_paid_content":false,"footnotes":""},"categories":[9,14],"tags":[18,37,232],"class_list":["post-434","post","type-post","status-publish","format-standard","has-post-thumbnail","hentry","category-entrevistas","category-noticias","tag-ac-ai","tag-elecciones","tag-entrevista","item-wrap"],"jetpack_featured_media_url":"https:\/\/acdjeyma.es\/wp-content\/uploads\/2011\/05\/horacio.jpg","jetpack_shortlink":"https:\/\/wp.me\/p3uf9Z-70","jetpack_sharing_enabled":true,"jetpack-related-posts":[{"id":393,"url":"https:\/\/acdjeyma.es\/?p=393","url_meta":{"origin":434,"position":0},"title":"Presentaci\u00f3n de las entrevistas electorales 2011","author":"jeyma","date":"17 &#100;&#101; mayo &#100;&#101; 2011","format":false,"excerpt":"Bienvenidos a la web de la Asociaci\u00f3n Cultural y Deportiva Jeyma. Con motivo de las pr\u00f3ximas elecciones municipales del 22 de Mayo, esta asociaci\u00f3n ha tomado la iniciativa de realizar unas entrevistas a los partidos pol\u00edticos que concurren en nuestro municipio. Para ello se ha elaborado un modelo de entrevista\u2026","rel":"","context":"En \u00abEntrevistas\u00bb","block_context":{"text":"Entrevistas","link":"https:\/\/acdjeyma.es\/?cat=9"},"img":{"alt_text":"Elecciones municipales del 22 de Mayo de 2011 en Bola\u00f1os de Calatrava","src":"https:\/\/i0.wp.com\/acdjeyma.es\/wp-content\/uploads\/2011\/05\/elecciones2011.jpg?resize=350%2C200","width":350,"height":200},"classes":[]},{"id":5543,"url":"https:\/\/acdjeyma.es\/?p=5543","url_meta":{"origin":434,"position":1},"title":"D. V\u00edctor Manuel Ram\u00edrez seguir\u00e1 siendo presidente hasta 2023","author":"mars9","date":"10 &#100;&#101; julio &#100;&#101; 2020","format":false,"excerpt":"D. V\u00edctor Manuel Ram\u00edrez, Licenciado en Historia y profesor de ense\u00f1anza secundaria, fue reelegido por unanimidad nuevo presidente de la Asociaci\u00f3n Cultural y Deportiva Jeyma, tras la Asamblea General Extraordinaria celebrada el pasado d\u00eda 30 de Noviembre de 2019. C\u00f3mo indicaban los estatutos de la asociaci\u00f3n, transcurridos cuatro a\u00f1os desde\u00a0la\u2026","rel":"","context":"En \u00abACD Jeyma\u00bb","block_context":{"text":"ACD Jeyma","link":"https:\/\/acdjeyma.es\/?cat=2"},"img":{"alt_text":"","src":"https:\/\/i0.wp.com\/acdjeyma.es\/wp-content\/uploads\/2020\/07\/IMG-20191130-WA0002-221x300.jpg?resize=350%2C200","width":350,"height":200},"classes":[]},{"id":4885,"url":"https:\/\/acdjeyma.es\/?p=4885","url_meta":{"origin":434,"position":2},"title":"Joaqu\u00edn Garc\u00eda del Moral, vencedor del V Torneo de Ferias de ajedrez","author":"Jos\u00e9 Ram\u00f3n","date":"22 &#100;&#101; septiembre &#100;&#101; 2018","format":false,"excerpt":"La Asociaci\u00f3n Cultural y Deportiva Jeyma ha organizado por quinto a\u00f1o consecutivo un torneo de ajedrez en torno a las fechas de las Ferias y Fiestas del Cristo de la Columna, \u00a0de nuevo en el patio exterior del Casino de la Verja. Aunque el objetivo principal de la asociaci\u00f3n con\u2026","rel":"","context":"En \u00abACD Jeyma\u00bb","block_context":{"text":"ACD Jeyma","link":"https:\/\/acdjeyma.es\/?cat=2"},"img":{"alt_text":"","src":"https:\/\/i0.wp.com\/acdjeyma.es\/wp-content\/uploads\/2018\/09\/IMG-20180922-WA0005-300x225.jpg?resize=350%2C200","width":350,"height":200},"classes":[]},{"id":453,"url":"https:\/\/acdjeyma.es\/?p=453","url_meta":{"origin":434,"position":3},"title":"Entrevista a D. Francisco Javier Calzado Aldaria (PP)","author":"jeyma","date":"20 &#100;&#101; mayo &#100;&#101; 2011","format":false,"excerpt":"\u00bfC\u00f3mo describir\u00eda Bola\u00f1os actualmente? R: Bola\u00f1os es un pueblo trabajador nato, con car\u00e1cter, y muy emprendedor. La grave crisis econ\u00f3mica que atraviesa nuestro pa\u00eds (agravada por el nefasto ZP), hace mella en bastantes familias. Esperemos que esto cambie pronto, \u201carrimando el hombro\u201d todos. \u00bfQu\u00e9 opina sobre la actividad que ha\u2026","rel":"","context":"En \u00abEntrevistas\u00bb","block_context":{"text":"Entrevistas","link":"https:\/\/acdjeyma.es\/?cat=9"},"img":{"alt_text":"D. Francisco Javier Calzado Aldaria, de 40 a\u00f1os de edad, es Abogado. Figura como n\u00famero 2 de la candidatura del Partido Popular para las elecciones del 22 de mayo","src":"https:\/\/i0.wp.com\/acdjeyma.es\/wp-content\/uploads\/2011\/05\/fcojavier.jpg?resize=350%2C200","width":350,"height":200},"classes":[]},{"id":4396,"url":"https:\/\/acdjeyma.es\/?p=4396","url_meta":{"origin":434,"position":4},"title":"Cr\u00f3nica del IV Torneo de Ferias","author":"Jos\u00e9 Ram\u00f3n","date":"24 &#100;&#101; septiembre &#100;&#101; 2017","format":false,"excerpt":"La Asociaci\u00f3n Cultural y Deportiva Jeyma ha organizado por cuarto a\u00f1o consecutivo un torneo de ajedrez en torno a las fechas de las Ferias y Fiestas del Cristo de la Columna, \u00a0de nuevo en el patio exterior del Casino de la Verja. Aunque el objetivo principal de la asociaci\u00f3n con\u2026","rel":"","context":"En \u00abACD Jeyma\u00bb","block_context":{"text":"ACD Jeyma","link":"https:\/\/acdjeyma.es\/?cat=2"},"img":{"alt_text":"","src":"https:\/\/i0.wp.com\/acdjeyma.es\/wp-content\/uploads\/2017\/09\/Podio-150x150.jpg?resize=350%2C200&ssl=1","width":350,"height":200,"srcset":"https:\/\/i0.wp.com\/acdjeyma.es\/wp-content\/uploads\/2017\/09\/Podio-150x150.jpg?resize=350%2C200&ssl=1 1x, https:\/\/i0.wp.com\/acdjeyma.es\/wp-content\/uploads\/2017\/09\/Podio-150x150.jpg?resize=525%2C300&ssl=1 1.5x, https:\/\/i0.wp.com\/acdjeyma.es\/wp-content\/uploads\/2017\/09\/Podio-150x150.jpg?resize=700%2C400&ssl=1 2x, https:\/\/i0.wp.com\/acdjeyma.es\/wp-content\/uploads\/2017\/09\/Podio-150x150.jpg?resize=1050%2C600&ssl=1 3x, https:\/\/i0.wp.com\/acdjeyma.es\/wp-content\/uploads\/2017\/09\/Podio-150x150.jpg?resize=1400%2C800&ssl=1 4x"},"classes":[]},{"id":562,"url":"https:\/\/acdjeyma.es\/?p=562","url_meta":{"origin":434,"position":5},"title":"D. V\u00edctor Manuel Ram\u00edrez, nuevo presidente de la Asociaci\u00f3n Cultural y Deportiva Jeyma","author":"jeyma","date":"19 &#100;&#101; julio &#100;&#101; 2011","format":false,"excerpt":"D. V\u00edctor Manuel Ram\u00edrez, Licenciado en Historia, fue elegido por unanimidad nuevo presidente de la Asociaci\u00f3n Cultural y Deportiva Jeyma, tras la reuni\u00f3n de la Junta Directiva acontecida el pasado d\u00eda 9 de julio. Asimismo, se ratificaron los puestos de Secretario y Tesorero de la asociaci\u00f3n, recayendo en D. Jos\u00e9\u2026","rel":"","context":"En \u00abACD Jeyma\u00bb","block_context":{"text":"ACD Jeyma","link":"https:\/\/acdjeyma.es\/?cat=2"},"img":{"alt_text":"D. V\u00edctor Manuel Ram\u00edrez, presidente de la Asociaci\u00f3n Cultural y Deportiva Jeyma","src":"https:\/\/i0.wp.com\/acdjeyma.es\/wp-content\/uploads\/2011\/07\/victor.jpg?resize=350%2C200&ssl=1","width":350,"height":200},"classes":[]}],"_links":{"self":[{"href":"https:\/\/acdjeyma.es\/index.php?rest_route=\/wp\/v2\/posts\/434","targetHints":{"allow":["GET"]}}],"collection":[{"href":"https:\/\/acdjeyma.es\/index.php?rest_route=\/wp\/v2\/posts"}],"about":[{"href":"https:\/\/acdjeyma.es\/index.php?rest_route=\/wp\/v2\/types\/post"}],"author":[{"embeddable":true,"href":"https:\/\/acdjeyma.es\/index.php?rest_route=\/wp\/v2\/users\/1"}],"replies":[{"embeddable":true,"href":"https:\/\/acdjeyma.es\/index.php?rest_route=%2Fwp%2Fv2%2Fcomments&post=434"}],"version-history":[{"count":9,"href":"https:\/\/acdjeyma.es\/index.php?rest_route=\/wp\/v2\/posts\/434\/revisions"}],"predecessor-version":[{"id":4633,"href":"https:\/\/acdjeyma.es\/index.php?rest_route=\/wp\/v2\/posts\/434\/revisions\/4633"}],"wp:featuredmedia":[{"embeddable":true,"href":"https:\/\/acdjeyma.es\/index.php?rest_route=\/wp\/v2\/media\/333"}],"wp:attachment":[{"href":"https:\/\/acdjeyma.es\/index.php?rest_route=%2Fwp%2Fv2%2Fmedia&parent=434"}],"wp:term":[{"taxonomy":"category","embeddable":true,"href":"https:\/\/acdjeyma.es\/index.php?rest_route=%2Fwp%2Fv2%2Fcategories&post=434"},{"taxonomy":"post_tag","embeddable":true,"href":"https:\/\/acdjeyma.es\/index.php?rest_route=%2Fwp%2Fv2%2Ftags&post=434"}],"curies":[{"name":"wp","href":"https:\/\/api.w.org\/{rel}","templated":true}]}}