{"id":4112,"date":"2016-12-13T18:54:59","date_gmt":"2016-12-13T16:54:59","guid":{"rendered":"http:\/\/acdjeyma.es\/?p=4112"},"modified":"2016-12-13T18:54:59","modified_gmt":"2016-12-13T16:54:59","slug":"conferencia-la-venta-de-borondo-en-bolanos","status":"publish","type":"post","link":"https:\/\/acdjeyma.es\/?p=4112","title":{"rendered":"Conferencia \u00abLa Venta de Borondo\u00bb en Bola\u00f1os"},"content":{"rendered":"<div id=\"attachment_4115\" style=\"width: 212px\" class=\"wp-caption alignright\"><a href=\"http:\/\/acdjeyma.es\/wp-content\/uploads\/2016\/12\/Cartel-Venta-Borondo-jpg.jpg\"><img loading=\"lazy\" decoding=\"async\" aria-describedby=\"caption-attachment-4115\" data-attachment-id=\"4115\" data-permalink=\"https:\/\/acdjeyma.es\/?attachment_id=4115\" data-orig-file=\"https:\/\/acdjeyma.es\/wp-content\/uploads\/2016\/12\/Cartel-Venta-Borondo-jpg.jpg\" data-orig-size=\"848,1200\" data-comments-opened=\"1\" data-image-meta=\"{&quot;aperture&quot;:&quot;0&quot;,&quot;credit&quot;:&quot;&quot;,&quot;camera&quot;:&quot;&quot;,&quot;caption&quot;:&quot;&quot;,&quot;created_timestamp&quot;:&quot;0&quot;,&quot;copyright&quot;:&quot;&quot;,&quot;focal_length&quot;:&quot;0&quot;,&quot;iso&quot;:&quot;0&quot;,&quot;shutter_speed&quot;:&quot;0&quot;,&quot;title&quot;:&quot;&quot;,&quot;orientation&quot;:&quot;0&quot;}\" data-image-title=\"Cartel de la conferencia\" data-image-description=\"\" data-image-caption=\"\" data-medium-file=\"https:\/\/acdjeyma.es\/wp-content\/uploads\/2016\/12\/Cartel-Venta-Borondo-jpg-212x300.jpg\" data-large-file=\"https:\/\/acdjeyma.es\/wp-content\/uploads\/2016\/12\/Cartel-Venta-Borondo-jpg-724x1024.jpg\" class=\"wp-image-4115 size-medium\" src=\"http:\/\/acdjeyma.es\/wp-content\/uploads\/2016\/12\/Cartel-Venta-Borondo-jpg-212x300.jpg\" alt=\"Cartel de la conferencia\" width=\"212\" height=\"300\" srcset=\"https:\/\/acdjeyma.es\/wp-content\/uploads\/2016\/12\/Cartel-Venta-Borondo-jpg-212x300.jpg 212w, https:\/\/acdjeyma.es\/wp-content\/uploads\/2016\/12\/Cartel-Venta-Borondo-jpg-724x1024.jpg 724w, https:\/\/acdjeyma.es\/wp-content\/uploads\/2016\/12\/Cartel-Venta-Borondo-jpg.jpg 848w\" sizes=\"auto, (max-width: 212px) 100vw, 212px\" \/><\/a><p id=\"caption-attachment-4115\" class=\"wp-caption-text\">Cartel de la conferencia<\/p><\/div>\n<p style=\"text-align: justify;\">El pr\u00f3ximo viernes 16 de diciembre a las 20 horas en el Sal\u00f3n de Actos del Excmo. Ayuntamiento de Bola\u00f1os, tendr\u00e1 lugar la conferencia \u00abLa Venta de Borondo\u00bb. Una charla que tratar\u00e1 sobre un icono de la arquitectura popular manchega, la Venta de Borondo, situada en el t\u00e9rmino municipal de Daimiel, a escasos kil\u00f3metros de Bola\u00f1os. Fue declarada BIC (Bien de Inter\u00e9s Cultural) en categor\u00eda de monumento en el a\u00f1o 2007, pero a pesar de ello, actualmente se encuentra en grave estado de deterioro.<\/p>\n<p style=\"text-align: justify;\">La conferencia ser\u00e1 presentada por D. V\u00edctor Manuel Ram\u00edrez S\u00e1nchez, presidente de la Asociaci\u00f3n Cultural y Deportiva Jeyma y licenciado en Historia, seguida de una introducci\u00f3n por parte de D. Manuel \u00a0D\u00edaz del Campo Garc\u00eda, secretario de la Asociaci\u00f3n Cultural Venta de Borondo y Patrimonio Manchego y graduado en Historia del Arte. El grueso de la conferencia correr\u00e1 a cargo de D. David Cejudo Loro, presidente de la Asociaci\u00f3n Cultural Venta de Borondo y Patrimonio Manchego e ingeniero de edificaci\u00f3n.<\/p>\n<p style=\"text-align: justify;\">Esta actividad surge gracias a la colaboraci\u00f3n del Excmo. Ayuntamiento de Bola\u00f1os y la organizaci\u00f3n entre la asociaci\u00f3n bola\u00f1ega Jeyma y la daimiele\u00f1a Venta de Borondo y Patrimonio Manchego, que se cre\u00f3\u00a0este a\u00f1o con\u00a0un marcado compromiso\u00a0con la arquitectura popular manchega.<\/p>\n","protected":false},"excerpt":{"rendered":"<p>El pr\u00f3ximo viernes 16 de diciembre a las 20 horas en el Sal\u00f3n de Actos del Excmo. Ayuntamiento de Bola\u00f1os, tendr\u00e1 lugar la conferencia \u00abLa Venta de Borondo\u00bb. Una charla que tratar\u00e1 sobre un icono de la arquitectura popular manchega, la Venta de Borondo, situada en el t\u00e9rmino municipal de Daimiel, a escasos kil\u00f3metros de &hellip; <\/p>\n<p><a class=\"more-link btn\" href=\"https:\/\/acdjeyma.es\/?p=4112\">Seguir leyendo<\/a><\/p>\n","protected":false},"author":4,"featured_media":0,"comment_status":"open","ping_status":"open","sticky":false,"template":"","format":"standard","meta":{"jetpack_post_was_ever_published":false,"_jetpack_newsletter_access":"","_jetpack_dont_email_post_to_subs":false,"_jetpack_newsletter_tier_id":0,"_jetpack_memberships_contains_paywalled_content":false,"_jetpack_memberships_contains_paid_content":false,"footnotes":""},"categories":[2,3,5,6,14],"tags":[132,202,203,116,205,204,201],"class_list":["post-4112","post","type-post","status-publish","format-standard","hentry","category-acd-jeyma","category-actividades","category-conferencias","category-culturales","category-noticias","tag-bolanos","tag-borondo","tag-daimiel","tag-jeyma","tag-manchego","tag-patrimonio","tag-venta","item-wrap"],"jetpack_featured_media_url":"","jetpack_shortlink":"https:\/\/wp.me\/p3uf9Z-14k","jetpack_sharing_enabled":true,"jetpack-related-posts":[{"id":4119,"url":"https:\/\/acdjeyma.es\/?p=4119","url_meta":{"origin":4112,"position":0},"title":"Bola\u00f1os y la ACD Jeyma por la salvaci\u00f3n de La Venta de Borondo","author":"VK","date":"19 &#100;&#101; diciembre &#100;&#101; 2016","format":false,"excerpt":"El pasado viernes 16 de diciembre tuvo lugar en el Sal\u00f3n de Actos del Ayuntamiento de Bola\u00f1os, la Conferencia \"La Venta de Borondo\", fruto de la colaboraci\u00f3n establecida entre la ACD Jeyma y la Asociaci\u00f3n Cultural Venta de Borondo y Patrimonio Manchego, de Daimiel. El acto se celebr\u00f3 a las\u2026","rel":"","context":"En \u00abACD Jeyma\u00bb","block_context":{"text":"ACD Jeyma","link":"https:\/\/acdjeyma.es\/?cat=2"},"img":{"alt_text":"La mesa de la conferencia con representantes de las dos asociaciones","src":"https:\/\/i0.wp.com\/acdjeyma.es\/wp-content\/uploads\/2016\/12\/15622096_10210850224845164_953954623035979344_n-300x136.jpg?resize=350%2C200","width":350,"height":200},"classes":[]},{"id":4211,"url":"https:\/\/acdjeyma.es\/?p=4211","url_meta":{"origin":4112,"position":1},"title":"Senderismo Conmemoraci\u00f3n D\u00eda del Libro 2017","author":"VK","date":"13 &#100;&#101; abril &#100;&#101; 2017","format":false,"excerpt":"Con motivo del D\u00eda del Libro, la Asociaci\u00f3n Cultural y Deportiva Jeyma les anima a participar en una ruta senderista que tendr\u00e1 lugar este domingo 23 de abril. La Asociaci\u00f3n Jeyma en colaboraci\u00f3n con la Asociaci\u00f3n Cultural Venta de Borondo y Patrimonio Manchego de Daimiel organiza la ruta que partir\u00e1\u2026","rel":"","context":"En \u00abACD Jeyma\u00bb","block_context":{"text":"ACD Jeyma","link":"https:\/\/acdjeyma.es\/?cat=2"},"img":{"alt_text":"","src":"https:\/\/i0.wp.com\/acdjeyma.es\/wp-content\/uploads\/2017\/04\/Cartel-Senderismo-Venta-jpg-212x300.jpg?resize=350%2C200","width":350,"height":200},"classes":[]},{"id":4233,"url":"https:\/\/acdjeyma.es\/?p=4233","url_meta":{"origin":4112,"position":2},"title":"Jeyma conmemora el d\u00eda del Libro en la Venta de Borondo","author":"VK","date":"1 &#100;&#101; mayo &#100;&#101; 2017","format":false,"excerpt":"El pasado 23 de abril, la Asociaci\u00f3n Cultural y Deportiva Jeyma se sum\u00f3 a los actos conmemorativos del Dia del Libro junto a la Asociaci\u00f3n Cultural Venta de Borondo y Patrimonio Manchego. El acto consisti\u00f3 en la realizaci\u00f3n de una ruta senderista que parti\u00f3 del Santuario de Nuestra Se\u00f1ora del\u2026","rel":"","context":"En \u00abACD Jeyma\u00bb","block_context":{"text":"ACD Jeyma","link":"https:\/\/acdjeyma.es\/?cat=2"},"img":{"alt_text":"Participantes daimiele\u00f1os y bola\u00f1egos que participaron en la ruta.","src":"https:\/\/i0.wp.com\/acdjeyma.es\/wp-content\/uploads\/2017\/07\/21-300x199.jpg?resize=350%2C200","width":350,"height":200},"classes":[]},{"id":4199,"url":"https:\/\/acdjeyma.es\/?p=4199","url_meta":{"origin":4112,"position":3},"title":"Vota al proyecto de restauraci\u00f3n de emergencia de la Venta de Borondo","author":"mars9","date":"31 &#100;&#101; enero &#100;&#101; 2017","format":false,"excerpt":"La Asociaci\u00f3n Cultural y Deportiva Jeyma te invita a colaborar votando al proyecto promovido por la Asociaci\u00f3n Cultural Venta de Borondo y Patrimonio Manchego, mediante el cual se propone la realizaci\u00f3n de una restauraci\u00f3n de emergencia en la Venta de Borondo, declarada BIC en 2007, y que actualmente se encuentra\u2026","rel":"","context":"En \u00abACD Jeyma\u00bb","block_context":{"text":"ACD Jeyma","link":"https:\/\/acdjeyma.es\/?cat=2"},"img":{"alt_text":"","src":"https:\/\/i0.wp.com\/acdjeyma.es\/wp-content\/uploads\/2017\/01\/15966211_455247551530962_7691077658734006804_n-212x300.jpg?resize=350%2C200","width":350,"height":200},"classes":[]},{"id":5906,"url":"https:\/\/acdjeyma.es\/?p=5906","url_meta":{"origin":4112,"position":4},"title":"Conferencia \u00abBola\u00f1os y el Campo de Calatrava en tiempos de la Batalla de Lepanto\u00bb","author":"mars9","date":"14 &#100;&#101; diciembre &#100;&#101; 2021","format":false,"excerpt":"La Asociaci\u00f3n Cultural y Deportiva Jeyma, tras un largo periodo desde enero de 2020, en el que dej\u00f3 de realizar actividades presenciales debido a la situaci\u00f3n sanitaria y centr\u00f3 su programa de eventos en actividades online y solidarias, retoma su agenda presencial con una conferencia titulada \"Bola\u00f1os y el Campo\u2026","rel":"","context":"En \u00abACD Jeyma\u00bb","block_context":{"text":"ACD Jeyma","link":"https:\/\/acdjeyma.es\/?cat=2"},"img":{"alt_text":"","src":"https:\/\/i0.wp.com\/acdjeyma.es\/wp-content\/uploads\/2021\/12\/Cartel-conferencia-Bola%C3%B1os-en-tiempos-de-Lepanto-212x300.jpg?resize=350%2C200","width":350,"height":200},"classes":[]},{"id":3897,"url":"https:\/\/acdjeyma.es\/?p=3897","url_meta":{"origin":4112,"position":5},"title":"Charla conferencia \u00abBola\u00f1os en el siglo XVII\u00bb","author":"VK","date":"16 &#100;&#101; marzo &#100;&#101; 2016","format":false,"excerpt":"La\u00a0Asociaci\u00f3n Cultural y Deportiva Jeyma les invita a la charla-conferencia titulada \"Bola\u00f1os en el siglo XVII\" que organiza la Concejal\u00eda de Cultura del Ayuntamiento de Bola\u00f1os de Calatrava dentro de las JORNADAS DE HISTORIA LOCAL de la Universidad Popular. En esta primera conferencia, el historiador local D. V\u00edctor Manuel Ram\u00edrez,\u2026","rel":"","context":"En \u00abActividades\u00bb","block_context":{"text":"Actividades","link":"https:\/\/acdjeyma.es\/?cat=3"},"img":{"alt_text":"","src":"https:\/\/i0.wp.com\/www.bolanosdecalatrava.es\/bolanos\/sites\/default\/files\/2016-03-17%20jornadas%20historia.jpg?resize=350%2C200","width":350,"height":200},"classes":[]}],"_links":{"self":[{"href":"https:\/\/acdjeyma.es\/index.php?rest_route=\/wp\/v2\/posts\/4112","targetHints":{"allow":["GET"]}}],"collection":[{"href":"https:\/\/acdjeyma.es\/index.php?rest_route=\/wp\/v2\/posts"}],"about":[{"href":"https:\/\/acdjeyma.es\/index.php?rest_route=\/wp\/v2\/types\/post"}],"author":[{"embeddable":true,"href":"https:\/\/acdjeyma.es\/index.php?rest_route=\/wp\/v2\/users\/4"}],"replies":[{"embeddable":true,"href":"https:\/\/acdjeyma.es\/index.php?rest_route=%2Fwp%2Fv2%2Fcomments&post=4112"}],"version-history":[{"count":4,"href":"https:\/\/acdjeyma.es\/index.php?rest_route=\/wp\/v2\/posts\/4112\/revisions"}],"predecessor-version":[{"id":4117,"href":"https:\/\/acdjeyma.es\/index.php?rest_route=\/wp\/v2\/posts\/4112\/revisions\/4117"}],"wp:attachment":[{"href":"https:\/\/acdjeyma.es\/index.php?rest_route=%2Fwp%2Fv2%2Fmedia&parent=4112"}],"wp:term":[{"taxonomy":"category","embeddable":true,"href":"https:\/\/acdjeyma.es\/index.php?rest_route=%2Fwp%2Fv2%2Fcategories&post=4112"},{"taxonomy":"post_tag","embeddable":true,"href":"https:\/\/acdjeyma.es\/index.php?rest_route=%2Fwp%2Fv2%2Ftags&post=4112"}],"curies":[{"name":"wp","href":"https:\/\/api.w.org\/{rel}","templated":true}]}}