{"id":393,"date":"2011-05-17T17:15:05","date_gmt":"2011-05-17T16:15:05","guid":{"rendered":"http:\/\/asociacion.sportteamjeyma.hostei.com\/?p=393"},"modified":"2018-08-23T20:12:36","modified_gmt":"2018-08-23T18:12:36","slug":"presentacion-de-las-entrevistas-electorales-2011","status":"publish","type":"post","link":"https:\/\/acdjeyma.es\/?p=393","title":{"rendered":"Presentaci\u00f3n de las entrevistas electorales 2011"},"content":{"rendered":"<div id=\"attachment_292\" style=\"width: 240px\" class=\"wp-caption alignleft\"><a rel=\"attachment wp-att-292\" href=\"?attachment_id=292\"><img loading=\"lazy\" decoding=\"async\" aria-describedby=\"caption-attachment-292\" data-attachment-id=\"292\" data-permalink=\"https:\/\/acdjeyma.es\/?attachment_id=292\" data-orig-file=\"https:\/\/acdjeyma.es\/wp-content\/uploads\/2011\/05\/elecciones2011.jpg\" data-orig-size=\"240,280\" data-comments-opened=\"1\" data-image-meta=\"{&quot;aperture&quot;:&quot;0&quot;,&quot;credit&quot;:&quot;&quot;,&quot;camera&quot;:&quot;&quot;,&quot;caption&quot;:&quot;&quot;,&quot;created_timestamp&quot;:&quot;0&quot;,&quot;copyright&quot;:&quot;&quot;,&quot;focal_length&quot;:&quot;0&quot;,&quot;iso&quot;:&quot;0&quot;,&quot;shutter_speed&quot;:&quot;0&quot;,&quot;title&quot;:&quot;&quot;}\" data-image-title=\"Elecciones municipales del 22 de Mayo de 2011 en Bola\u00f1os de Calatrava\" data-image-description=\"&lt;p&gt;Partidos pol\u00edticos que concurren a las elecciones municipales del 22 de Mayo de 2011 en Bola\u00f1os de Calatrava.&lt;\/p&gt;\n\" data-image-caption=\"&lt;p&gt;Elecciones municipales del 22 de Mayo de 2011 en Bola\u00f1os de Calatrava.&lt;\/p&gt;\n\" data-medium-file=\"https:\/\/acdjeyma.es\/wp-content\/uploads\/2011\/05\/elecciones2011.jpg\" data-large-file=\"https:\/\/acdjeyma.es\/wp-content\/uploads\/2011\/05\/elecciones2011.jpg\" class=\"size-full wp-image-292\" title=\"Elecciones municipales del 22 de Mayo de 2011 en Bola\u00f1os de Calatrava\" src=\"http:\/\/acdjeyma.es\/wp-content\/uploads\/2011\/05\/elecciones2011.jpg\" alt=\"Elecciones municipales del 22 de Mayo de 2011 en Bola\u00f1os de Calatrava\" width=\"240\" height=\"280\" \/><\/a><p id=\"caption-attachment-292\" class=\"wp-caption-text\">Elecciones municipales del 22 de Mayo de 2011 en Bola\u00f1os de Calatrava.<\/p><\/div>\n<p style=\"text-align: justify;\">Bienvenidos a la web de la Asociaci\u00f3n Cultural y Deportiva Jeyma. Con motivo de las pr\u00f3ximas elecciones municipales del 22 de Mayo, esta asociaci\u00f3n ha tomado la iniciativa de realizar unas <strong>entrevistas a los partidos pol\u00edticos<\/strong> que concurren en nuestro municipio.<\/p>\n<p style=\"text-align: justify;\">Para ello se ha elaborado un modelo de entrevista gen\u00e9rico, de modo que las preguntas no est\u00e1n dirigidas a una determinada ideolog\u00eda o partido pol\u00edtico, sino que son independientes y totalmente imparciales. Dado que se han presentado tres candidaturas para gobernar el Ayuntamiento de Bola\u00f1os de Calatrava durante la legislatura de 2011-2015, la asociaci\u00f3n ha contado con la colaboraci\u00f3n de un miembro de cada candidatura para responder dicha entrevista. El contenido de la entrevista ha sido pactado por los miembros de nuestra asociaci\u00f3n, miembros que no militan en ning\u00fan partido pol\u00edtico.<\/p>\n<p><!--more--><\/p>\n<p style=\"text-align: justify;\">Las entrevistas han sido enviadas personalmente a cada representante seleccionado de cada candidatura, sin que dicho representante tuviera previamente conocimiento del contenido de la misma. Las entrevistas se han enviado al mismo tiempo a cada candidatura. Hasta el momento de su publicaci\u00f3n, ninguna candidatura sabr\u00e1 qu\u00e9 representante de las oponentes ha sido el que ha respondido la entrevista. Y por lo tanto, ninguna candidatura conocer\u00e1 la respuesta de las oponentes hasta su publicaci\u00f3n. Todo ello, para garantizar un proceso de entrevistas igualitario, imparcial, limpio y honesto. Se ha garantizado a cada candidatura que todo lo escrito en sus respuestas se respetar\u00e1, hasta la \u00faltima coma. Nuestro objetivo fundamental es, ante todo, que los lectores de esta web, electores el 22 de Mayo, tengan argumentos para decidir su voto y se formen un criterio o una opini\u00f3n sobre cada una de las candidaturas.<\/p>\n<p style=\"text-align: justify;\">Pasamos a continuaci\u00f3n a presentarles a los miembros de cada una de las candidaturas a los que ha sido enviada la entrevista. Dado que es materialmente imposible publicar las tres entrevistas al mismo nivel de pantalla, se ha adoptado el criterio de publicarlas en orden correspondiente con el n\u00famero de votos obtenidos en las elecciones de mayo de 2007. As\u00ed pues, en primer lugar aparecer\u00e1 la del representante del PSOE, en segundo lugar la del representante del PP, y por \u00faltimo, la del representante de AC-AI.<\/p>\n<p style=\"text-align: justify;\">Por el <strong>Partido Socialista Obrero Espa\u00f1ol<\/strong>, la entrevista ha sido enviada a <strong>D. Jos\u00e9 Carlos Chac\u00f3n Calzado<\/strong>, que figura como n\u00famero 7 de su candidatura. Jos\u00e9 Carlos, que tiene 30 a\u00f1os de edad, es Licenciado en Bellas Artes y Secretario General de las Juventudes Socialistas de Bola\u00f1os.<\/p>\n<p style=\"text-align: justify;\">Por el <strong>Partido Popular<\/strong>, la entrevista ha sido enviada a <strong>D. Francisco Javier Calzado Aldaria<\/strong>, que figura como n\u00famero 2 de su candidatura. Francisco Javier, que tiene 40 a\u00f1os de edad, es Licenciado en Derecho y actualmente ejerce de abogado.<\/p>\n<p style=\"text-align: justify;\">Por la <strong>Acci\u00f3n Ciudadana &#8211; Agrupaci\u00f3n Independiente<\/strong>, la entrevista ha sido enviada a <strong>D. Horacio Jos\u00e9 Aldaria S\u00e1nchez<\/strong>, que figura como n\u00famero 2 de su candidatura. Horacio, que tiene 24 a\u00f1os de edad, es Ingeniero T\u00e9cnico Agr\u00edcola.<\/p>\n<p style=\"text-align: justify;\">Agradecemos la colaboraci\u00f3n mostrada por las tres candidaturas, as\u00ed como la disposici\u00f3n de los tres representantes para responder nuestra entrevista. Dese\u00e1ndoles suerte a los tres, y deseando que nosotros hayamos logrado el objetivo deseado, que les hayan servido para aclarar o decidir su posici\u00f3n el 22 de mayo, reciban un cordial saludo desde la organizaci\u00f3n de esta asociaci\u00f3n. Quedamos a su disposici\u00f3n para dudas o sugerencias.<\/p>\n<p>[notice]<strong>Nota aclaratoria:<\/strong> La organizaci\u00f3n de la ACyD Jeyma ha decidido publicar las dos entrevistas que nos han sido contestadas a d\u00eda de hoy, la de AC-AI y la del PP, a la espera de recibir las respuestas del restante grupo pol\u00edtico (PSOE).[\/notice] <\/p>\n","protected":false},"excerpt":{"rendered":"<p>Bienvenidos a la web de la Asociaci\u00f3n Cultural y Deportiva Jeyma. Con motivo de las pr\u00f3ximas elecciones municipales del 22 de Mayo, esta asociaci\u00f3n ha tomado la iniciativa de realizar unas entrevistas a los partidos pol\u00edticos que concurren en nuestro municipio. Para ello se ha elaborado un modelo de entrevista gen\u00e9rico, de modo que las &hellip; <\/p>\n<p><a class=\"more-link btn\" href=\"https:\/\/acdjeyma.es\/?p=393\">Seguir leyendo<\/a><\/p>\n","protected":false},"author":1,"featured_media":292,"comment_status":"open","ping_status":"open","sticky":false,"template":"","format":"standard","meta":{"jetpack_post_was_ever_published":false,"_jetpack_newsletter_access":"","_jetpack_dont_email_post_to_subs":false,"_jetpack_newsletter_tier_id":0,"_jetpack_memberships_contains_paywalled_content":false,"_jetpack_memberships_contains_paid_content":false,"footnotes":""},"categories":[9,14],"tags":[18,37,232,58,60],"class_list":["post-393","post","type-post","status-publish","format-standard","has-post-thumbnail","hentry","category-entrevistas","category-noticias","tag-ac-ai","tag-elecciones","tag-entrevista","tag-pp","tag-psoe","item-wrap"],"jetpack_featured_media_url":"https:\/\/acdjeyma.es\/wp-content\/uploads\/2011\/05\/elecciones2011.jpg","jetpack_shortlink":"https:\/\/wp.me\/p3uf9Z-6l","jetpack_sharing_enabled":true,"jetpack-related-posts":[{"id":5543,"url":"https:\/\/acdjeyma.es\/?p=5543","url_meta":{"origin":393,"position":0},"title":"D. V\u00edctor Manuel Ram\u00edrez seguir\u00e1 siendo presidente hasta 2023","author":"mars9","date":"10 &#100;&#101; julio &#100;&#101; 2020","format":false,"excerpt":"D. V\u00edctor Manuel Ram\u00edrez, Licenciado en Historia y profesor de ense\u00f1anza secundaria, fue reelegido por unanimidad nuevo presidente de la Asociaci\u00f3n Cultural y Deportiva Jeyma, tras la Asamblea General Extraordinaria celebrada el pasado d\u00eda 30 de Noviembre de 2019. C\u00f3mo indicaban los estatutos de la asociaci\u00f3n, transcurridos cuatro a\u00f1os desde\u00a0la\u2026","rel":"","context":"En \u00abACD Jeyma\u00bb","block_context":{"text":"ACD Jeyma","link":"https:\/\/acdjeyma.es\/?cat=2"},"img":{"alt_text":"","src":"https:\/\/i0.wp.com\/acdjeyma.es\/wp-content\/uploads\/2020\/07\/IMG-20191130-WA0002-221x300.jpg?resize=350%2C200","width":350,"height":200},"classes":[]},{"id":562,"url":"https:\/\/acdjeyma.es\/?p=562","url_meta":{"origin":393,"position":1},"title":"D. V\u00edctor Manuel Ram\u00edrez, nuevo presidente de la Asociaci\u00f3n Cultural y Deportiva Jeyma","author":"jeyma","date":"19 &#100;&#101; julio &#100;&#101; 2011","format":false,"excerpt":"D. V\u00edctor Manuel Ram\u00edrez, Licenciado en Historia, fue elegido por unanimidad nuevo presidente de la Asociaci\u00f3n Cultural y Deportiva Jeyma, tras la reuni\u00f3n de la Junta Directiva acontecida el pasado d\u00eda 9 de julio. Asimismo, se ratificaron los puestos de Secretario y Tesorero de la asociaci\u00f3n, recayendo en D. Jos\u00e9\u2026","rel":"","context":"En \u00abACD Jeyma\u00bb","block_context":{"text":"ACD Jeyma","link":"https:\/\/acdjeyma.es\/?cat=2"},"img":{"alt_text":"D. V\u00edctor Manuel Ram\u00edrez, presidente de la Asociaci\u00f3n Cultural y Deportiva Jeyma","src":"https:\/\/i0.wp.com\/acdjeyma.es\/wp-content\/uploads\/2011\/07\/victor.jpg?resize=350%2C200&ssl=1","width":350,"height":200},"classes":[]},{"id":3556,"url":"https:\/\/acdjeyma.es\/?p=3556","url_meta":{"origin":393,"position":2},"title":"D. V\u00edctor Manuel Ram\u00edrez, reelegido presidente de la Asociaci\u00f3n Cultural y Deportiva Jeyma","author":"mars9","date":"8 &#100;&#101; julio &#100;&#101; 2015","format":false,"excerpt":"D. V\u00edctor Manuel Ram\u00edrez, Licenciado en Historia, fue reelegido por unanimidad nuevo presidente de la Asociaci\u00f3n Cultural y Deportiva Jeyma, tras la Asamblea General Extraordinaria celebrada el pasado d\u00eda\u00a04 de Julio. C\u00f3mo indicaban los estatutos de la asociaci\u00f3n, transcurridos cuatro a\u00f1os desde su primera elecci\u00f3n (2011-2015), se convocaron elecciones a\u00a0las\u2026","rel":"","context":"En \u00abACD Jeyma\u00bb","block_context":{"text":"ACD Jeyma","link":"https:\/\/acdjeyma.es\/?cat=2"},"img":{"alt_text":"D. V\u00edctor Manuel Ram\u00edrez, nuevo presidente de la Asociaci\u00f3n Cultural y Deportiva Jeyma","src":"https:\/\/i0.wp.com\/acdjeyma.es\/wp-content\/uploads\/2011\/07\/victor-300x228.jpg?resize=350%2C200","width":350,"height":200},"classes":[]},{"id":453,"url":"https:\/\/acdjeyma.es\/?p=453","url_meta":{"origin":393,"position":3},"title":"Entrevista a D. Francisco Javier Calzado Aldaria (PP)","author":"jeyma","date":"20 &#100;&#101; mayo &#100;&#101; 2011","format":false,"excerpt":"\u00bfC\u00f3mo describir\u00eda Bola\u00f1os actualmente? R: Bola\u00f1os es un pueblo trabajador nato, con car\u00e1cter, y muy emprendedor. La grave crisis econ\u00f3mica que atraviesa nuestro pa\u00eds (agravada por el nefasto ZP), hace mella en bastantes familias. Esperemos que esto cambie pronto, \u201carrimando el hombro\u201d todos. \u00bfQu\u00e9 opina sobre la actividad que ha\u2026","rel":"","context":"En \u00abEntrevistas\u00bb","block_context":{"text":"Entrevistas","link":"https:\/\/acdjeyma.es\/?cat=9"},"img":{"alt_text":"D. Francisco Javier Calzado Aldaria, de 40 a\u00f1os de edad, es Abogado. Figura como n\u00famero 2 de la candidatura del Partido Popular para las elecciones del 22 de mayo","src":"https:\/\/i0.wp.com\/acdjeyma.es\/wp-content\/uploads\/2011\/05\/fcojavier.jpg?resize=350%2C200","width":350,"height":200},"classes":[]},{"id":4396,"url":"https:\/\/acdjeyma.es\/?p=4396","url_meta":{"origin":393,"position":4},"title":"Cr\u00f3nica del IV Torneo de Ferias","author":"Jos\u00e9 Ram\u00f3n","date":"24 &#100;&#101; septiembre &#100;&#101; 2017","format":false,"excerpt":"La Asociaci\u00f3n Cultural y Deportiva Jeyma ha organizado por cuarto a\u00f1o consecutivo un torneo de ajedrez en torno a las fechas de las Ferias y Fiestas del Cristo de la Columna, \u00a0de nuevo en el patio exterior del Casino de la Verja. Aunque el objetivo principal de la asociaci\u00f3n con\u2026","rel":"","context":"En \u00abACD Jeyma\u00bb","block_context":{"text":"ACD Jeyma","link":"https:\/\/acdjeyma.es\/?cat=2"},"img":{"alt_text":"","src":"https:\/\/i0.wp.com\/acdjeyma.es\/wp-content\/uploads\/2017\/09\/Podio-150x150.jpg?resize=350%2C200&ssl=1","width":350,"height":200,"srcset":"https:\/\/i0.wp.com\/acdjeyma.es\/wp-content\/uploads\/2017\/09\/Podio-150x150.jpg?resize=350%2C200&ssl=1 1x, https:\/\/i0.wp.com\/acdjeyma.es\/wp-content\/uploads\/2017\/09\/Podio-150x150.jpg?resize=525%2C300&ssl=1 1.5x, https:\/\/i0.wp.com\/acdjeyma.es\/wp-content\/uploads\/2017\/09\/Podio-150x150.jpg?resize=700%2C400&ssl=1 2x, https:\/\/i0.wp.com\/acdjeyma.es\/wp-content\/uploads\/2017\/09\/Podio-150x150.jpg?resize=1050%2C600&ssl=1 3x, https:\/\/i0.wp.com\/acdjeyma.es\/wp-content\/uploads\/2017\/09\/Podio-150x150.jpg?resize=1400%2C800&ssl=1 4x"},"classes":[]},{"id":8201,"url":"https:\/\/acdjeyma.es\/?p=8201","url_meta":{"origin":393,"position":5},"title":"La ACDJ un a\u00f1o m\u00e1s apoyando al pueblo ucraniano","author":"mars9","date":"20 &#100;&#101; mayo &#100;&#101; 2024","format":false,"excerpt":"La Asociaci\u00f3n Cultural y Deportiva Jeyma, a trav\u00e9s de su equipo de f\u00fatbol sala Sport Team Jeyma, particip\u00f3 en el XI Marat\u00f3n Solidario de F\u00fatbol Sala de Bola\u00f1os de Calatrava celebrado el pasado 18 de Mayo. Este marat\u00f3n solidario est\u00e1 organizado por las JJSS de Bola\u00f1os. Es la d\u00e9cima participaci\u00f3n\u2026","rel":"","context":"En \u00abACD Jeyma\u00bb","block_context":{"text":"ACD Jeyma","link":"https:\/\/acdjeyma.es\/?cat=2"},"img":{"alt_text":"Trofeo al equipo m\u00e1s solidario","src":"https:\/\/i0.wp.com\/acdjeyma.es\/wp-content\/uploads\/2024\/07\/trofeo-juego-limpio-267x300.jpg?resize=350%2C200","width":350,"height":200},"classes":[]}],"_links":{"self":[{"href":"https:\/\/acdjeyma.es\/index.php?rest_route=\/wp\/v2\/posts\/393","targetHints":{"allow":["GET"]}}],"collection":[{"href":"https:\/\/acdjeyma.es\/index.php?rest_route=\/wp\/v2\/posts"}],"about":[{"href":"https:\/\/acdjeyma.es\/index.php?rest_route=\/wp\/v2\/types\/post"}],"author":[{"embeddable":true,"href":"https:\/\/acdjeyma.es\/index.php?rest_route=\/wp\/v2\/users\/1"}],"replies":[{"embeddable":true,"href":"https:\/\/acdjeyma.es\/index.php?rest_route=%2Fwp%2Fv2%2Fcomments&post=393"}],"version-history":[{"count":4,"href":"https:\/\/acdjeyma.es\/index.php?rest_route=\/wp\/v2\/posts\/393\/revisions"}],"predecessor-version":[{"id":4627,"href":"https:\/\/acdjeyma.es\/index.php?rest_route=\/wp\/v2\/posts\/393\/revisions\/4627"}],"wp:featuredmedia":[{"embeddable":true,"href":"https:\/\/acdjeyma.es\/index.php?rest_route=\/wp\/v2\/media\/292"}],"wp:attachment":[{"href":"https:\/\/acdjeyma.es\/index.php?rest_route=%2Fwp%2Fv2%2Fmedia&parent=393"}],"wp:term":[{"taxonomy":"category","embeddable":true,"href":"https:\/\/acdjeyma.es\/index.php?rest_route=%2Fwp%2Fv2%2Fcategories&post=393"},{"taxonomy":"post_tag","embeddable":true,"href":"https:\/\/acdjeyma.es\/index.php?rest_route=%2Fwp%2Fv2%2Ftags&post=393"}],"curies":[{"name":"wp","href":"https:\/\/api.w.org\/{rel}","templated":true}]}}