{"id":3897,"date":"2016-03-16T20:55:23","date_gmt":"2016-03-16T18:55:23","guid":{"rendered":"http:\/\/acdjeyma.es\/?p=3897"},"modified":"2016-03-16T21:17:54","modified_gmt":"2016-03-16T19:17:54","slug":"charla-conferencia-bolanos-en-el-siglo-xvii","status":"publish","type":"post","link":"https:\/\/acdjeyma.es\/?p=3897","title":{"rendered":"Charla conferencia \u00abBola\u00f1os en el siglo XVII\u00bb"},"content":{"rendered":"<p><img loading=\"lazy\" decoding=\"async\" class=\" aligncenter\" src=\"http:\/\/www.bolanosdecalatrava.es\/bolanos\/sites\/default\/files\/2016-03-17%20jornadas%20historia.jpg\" alt=\"\" width=\"298\" height=\"421\" \/><\/p>\n<p>La\u00a0<strong>Asociaci\u00f3n Cultural y Deportiva Jeyma<\/strong> les invita a la charla-conferencia titulada <b>\u00abBola\u00f1os en el siglo XVII\u00bb<\/b> que organiza la Concejal\u00eda de Cultura del Ayuntamiento de Bola\u00f1os de Calatrava dentro de las JORNADAS DE HISTORIA LOCAL de la Universidad Popular. En esta primera conferencia, el historiador local D. V\u00edctor Manuel Ram\u00edrez, autor de la novela hist\u00f3rica\u00a0<strong>\u00abUna ramita de albahaca\u00bb\u00a0<\/strong>(editada por la Asociaci\u00f3n Cultural y Deportiva Jeyma), tratar\u00e1 diferentes aspectos de la vida local bola\u00f1ega a lo largo de un siglo que result\u00f3 transcendental para la Historia de Espa\u00f1a, que en esos momentos era la mayor potencia mundial. La estructura de la conferencia ser\u00e1 la siguiente:<\/p>\n<p>&nbsp;<\/p>\n<div>1. Introducci\u00f3n al marco espacio temporal del siglo XVII. (Breve resumen de lo que fue el Siglo de Oro espa\u00f1ol)<\/div>\n<div><\/div>\n<div>2. La Villa de Bola\u00f1os. Aspectos jur\u00eddico-institucionales. (Vinculaci\u00f3n a la Orden de Calatrava con autonom\u00eda judicial, etc)<\/div>\n<div><\/div>\n<div>3. Aproximaci\u00f3n al callejero de la Villa de Bola\u00f1os del siglo XVII.<\/div>\n<div><\/div>\n<div>4. Caracterizaci\u00f3n de los principales edificios civiles y religiosos de la \u00e9poca en la Villa de Bola\u00f1os.<\/div>\n<div><\/div>\n<div>5. Religiosidad y devoci\u00f3n popular en Bola\u00f1os durante el siglo XVII.<\/div>\n<div><\/div>\n<div>6. Estructura social bola\u00f1ega en el Siglo de Oro.<\/div>\n<div><\/div>\n<div>7. El problema morisco en el caso bola\u00f1ego.<\/div>\n<div><\/div>\n<div>8. Conclusiones finales.<\/div>\n<div><\/div>\n<div><\/div>\n<div>La conferencia tendr\u00e1 lugar el <strong>jueves 17 de marzo<\/strong>\u00a0en la\u00a0<strong>Casa de Cultura<\/strong> a las\u00a0<strong>20.00 horas<\/strong>.\u00a0<strong>ENTRADA LIBRE.<\/strong><\/div>\n","protected":false},"excerpt":{"rendered":"<p>La\u00a0Asociaci\u00f3n Cultural y Deportiva Jeyma les invita a la charla-conferencia titulada \u00abBola\u00f1os en el siglo XVII\u00bb que organiza la Concejal\u00eda de Cultura del Ayuntamiento de Bola\u00f1os de Calatrava dentro de las JORNADAS DE HISTORIA LOCAL de la Universidad Popular. En esta primera conferencia, el historiador local D. V\u00edctor Manuel Ram\u00edrez, autor de la novela hist\u00f3rica\u00a0\u00abUna &hellip; <\/p>\n<p><a class=\"more-link btn\" href=\"https:\/\/acdjeyma.es\/?p=3897\">Seguir leyendo<\/a><\/p>\n","protected":false},"author":3,"featured_media":0,"comment_status":"open","ping_status":"open","sticky":false,"template":"","format":"standard","meta":{"jetpack_post_was_ever_published":false,"_jetpack_newsletter_access":"","_jetpack_dont_email_post_to_subs":false,"_jetpack_newsletter_tier_id":0,"_jetpack_memberships_contains_paywalled_content":false,"_jetpack_memberships_contains_paid_content":false,"footnotes":""},"categories":[3,5,6,14],"tags":[171,132,185,85,170,157,173],"class_list":["post-3897","post","type-post","status-publish","format-standard","hentry","category-actividades","category-conferencias","category-culturales","category-noticias","tag-albahaca","tag-bolanos","tag-charla","tag-cultura","tag-ramita","tag-siglo","tag-xvii","item-wrap"],"jetpack_featured_media_url":"","jetpack_shortlink":"https:\/\/wp.me\/p3uf9Z-10R","jetpack_sharing_enabled":true,"jetpack-related-posts":[{"id":3788,"url":"https:\/\/acdjeyma.es\/?p=3788","url_meta":{"origin":3897,"position":0},"title":"Presentaci\u00f3n del libro \u00abUna ramita de albahaca\u00bb","author":"VK","date":"4 &#100;&#101; enero &#100;&#101; 2016","format":false,"excerpt":"El pasado 30 de diciembre de 2015 tuvo lugar en el Sal\u00f3n de Plenos del Ayuntamiento el acto de presentaci\u00f3n de la novela hist\u00f3rica\u00a0Una ramita de albahaca,\u00a0creaci\u00f3n del historiador bola\u00f1ego V\u00edctor M. Ram\u00edrez, y editada por la Asociaci\u00f3n Cultural y Deportiva Jeyma. Los asistentes al acto disfrutaron de una tarde\u2026","rel":"","context":"En \u00abACD Jeyma\u00bb","block_context":{"text":"ACD Jeyma","link":"https:\/\/acdjeyma.es\/?cat=2"},"img":{"alt_text":"D. V\u00edctor Manuel Ram\u00edrez, autor, D. Francisco Javier Calzado, teniente alcalde y D\u00f1a. Antonia Gonz\u00e1lez, archivera municipal, compusieron la mesa.","src":"https:\/\/i0.wp.com\/acdjeyma.es\/wp-content\/uploads\/2016\/01\/2-300x180.jpg?resize=350%2C200","width":350,"height":200},"classes":[]},{"id":3862,"url":"https:\/\/acdjeyma.es\/?p=3862","url_meta":{"origin":3897,"position":1},"title":"A la venta \u00abUna ramita de albahaca\u00bb","author":"mars9","date":"26 &#100;&#101; enero &#100;&#101; 2016","format":false,"excerpt":"La\u00a0Asociaci\u00f3n Cultural y Deportiva Jeyma\u00a0ya tiene a la venta la novela\u00a0Una ramita de albahaca, creaci\u00f3n de V\u00edctor M. Ram\u00edrez, Licenciado en Historia por la Universidad de Castilla-La Mancha. Se trata de una ficci\u00f3n hist\u00f3rica que transcurre en dos escenarios concretos: la Villa de Bola\u00f1os y la Villa de Madrid en\u2026","rel":"","context":"En \u00abACD Jeyma\u00bb","block_context":{"text":"ACD Jeyma","link":"https:\/\/acdjeyma.es\/?cat=2"},"img":{"alt_text":"\"Una Ramita de Albahaca\", portada y sinopsis.","src":"https:\/\/i0.wp.com\/acdjeyma.es\/wp-content\/uploads\/2016\/01\/Cartel-venta-248x300.jpg?resize=350%2C200","width":350,"height":200},"classes":[]},{"id":4112,"url":"https:\/\/acdjeyma.es\/?p=4112","url_meta":{"origin":3897,"position":2},"title":"Conferencia \u00abLa Venta de Borondo\u00bb en Bola\u00f1os","author":"mars9","date":"13 &#100;&#101; diciembre &#100;&#101; 2016","format":false,"excerpt":"El pr\u00f3ximo viernes 16 de diciembre a las 20 horas en el Sal\u00f3n de Actos del Excmo. Ayuntamiento de Bola\u00f1os, tendr\u00e1 lugar la conferencia \"La Venta de Borondo\". Una charla que tratar\u00e1 sobre un icono de la arquitectura popular manchega, la Venta de Borondo, situada en el t\u00e9rmino municipal de\u2026","rel":"","context":"En \u00abACD Jeyma\u00bb","block_context":{"text":"ACD Jeyma","link":"https:\/\/acdjeyma.es\/?cat=2"},"img":{"alt_text":"Cartel de la conferencia","src":"https:\/\/i0.wp.com\/acdjeyma.es\/wp-content\/uploads\/2016\/12\/Cartel-Venta-Borondo-jpg-212x300.jpg?resize=350%2C200","width":350,"height":200},"classes":[]},{"id":3738,"url":"https:\/\/acdjeyma.es\/?p=3738","url_meta":{"origin":3897,"position":3},"title":"ACD Jeyma edita \u00abUna ramita de albahaca\u00bb, de V\u00edctor M. Ram\u00edrez","author":"VK","date":"24 &#100;&#101; diciembre &#100;&#101; 2015","format":false,"excerpt":"La\u00a0Asociaci\u00f3n Cultural y Deportiva Jeyma se estrena en el panorama literario con la edici\u00f3n de la novela\u00a0Una ramita de albahaca, creaci\u00f3n de V\u00edctor M. Ram\u00edrez, Licenciado en Historia por la Universidad de Castilla-La Mancha. Se trata de una ficci\u00f3n hist\u00f3rica que transcurre en dos escenarios concretos: la Villa de Bola\u00f1os\u2026","rel":"","context":"En \u00abACD Jeyma\u00bb","block_context":{"text":"ACD Jeyma","link":"https:\/\/acdjeyma.es\/?cat=2"},"img":{"alt_text":"Cartel de la Presentaci\u00f3n de la Novela \"Una Ramita de Albahaca\"","src":"https:\/\/i0.wp.com\/acdjeyma.es\/wp-content\/uploads\/2015\/12\/Cartel-presentaci%C3%B3n-212x300.jpg?resize=350%2C200","width":350,"height":200},"classes":[]},{"id":5906,"url":"https:\/\/acdjeyma.es\/?p=5906","url_meta":{"origin":3897,"position":4},"title":"Conferencia \u00abBola\u00f1os y el Campo de Calatrava en tiempos de la Batalla de Lepanto\u00bb","author":"mars9","date":"14 &#100;&#101; diciembre &#100;&#101; 2021","format":false,"excerpt":"La Asociaci\u00f3n Cultural y Deportiva Jeyma, tras un largo periodo desde enero de 2020, en el que dej\u00f3 de realizar actividades presenciales debido a la situaci\u00f3n sanitaria y centr\u00f3 su programa de eventos en actividades online y solidarias, retoma su agenda presencial con una conferencia titulada \"Bola\u00f1os y el Campo\u2026","rel":"","context":"En \u00abACD Jeyma\u00bb","block_context":{"text":"ACD Jeyma","link":"https:\/\/acdjeyma.es\/?cat=2"},"img":{"alt_text":"","src":"https:\/\/i0.wp.com\/acdjeyma.es\/wp-content\/uploads\/2021\/12\/Cartel-conferencia-Bola%C3%B1os-en-tiempos-de-Lepanto-212x300.jpg?resize=350%2C200","width":350,"height":200},"classes":[]},{"id":5909,"url":"https:\/\/acdjeyma.es\/?p=5909","url_meta":{"origin":3897,"position":5},"title":"La conferencia \u00abBola\u00f1os y el Campo de Calatrava en tiempos de la Batalla de Lepanto\u00bb, disponible para su visualizaci\u00f3n","author":"mars9","date":"20 &#100;&#101; diciembre &#100;&#101; 2021","format":false,"excerpt":"El pasado viernes 17 de diciembre, la Asociaci\u00f3n Cultural y Deportiva Jeyma volvi\u00f3 a realizar una actividad presencial, tras algo m\u00e1s de un a\u00f1o sin poder realizar eventos por la situaci\u00f3n sanitaria. En este caso, se celebr\u00f3 la conferencia titulada \"Bola\u00f1os y el Campo de Calatrava en tiempos de la\u2026","rel":"","context":"En \u00abACD Jeyma\u00bb","block_context":{"text":"ACD Jeyma","link":"https:\/\/acdjeyma.es\/?cat=2"},"img":{"alt_text":"","src":"","width":0,"height":0},"classes":[]}],"_links":{"self":[{"href":"https:\/\/acdjeyma.es\/index.php?rest_route=\/wp\/v2\/posts\/3897","targetHints":{"allow":["GET"]}}],"collection":[{"href":"https:\/\/acdjeyma.es\/index.php?rest_route=\/wp\/v2\/posts"}],"about":[{"href":"https:\/\/acdjeyma.es\/index.php?rest_route=\/wp\/v2\/types\/post"}],"author":[{"embeddable":true,"href":"https:\/\/acdjeyma.es\/index.php?rest_route=\/wp\/v2\/users\/3"}],"replies":[{"embeddable":true,"href":"https:\/\/acdjeyma.es\/index.php?rest_route=%2Fwp%2Fv2%2Fcomments&post=3897"}],"version-history":[{"count":2,"href":"https:\/\/acdjeyma.es\/index.php?rest_route=\/wp\/v2\/posts\/3897\/revisions"}],"predecessor-version":[{"id":3899,"href":"https:\/\/acdjeyma.es\/index.php?rest_route=\/wp\/v2\/posts\/3897\/revisions\/3899"}],"wp:attachment":[{"href":"https:\/\/acdjeyma.es\/index.php?rest_route=%2Fwp%2Fv2%2Fmedia&parent=3897"}],"wp:term":[{"taxonomy":"category","embeddable":true,"href":"https:\/\/acdjeyma.es\/index.php?rest_route=%2Fwp%2Fv2%2Fcategories&post=3897"},{"taxonomy":"post_tag","embeddable":true,"href":"https:\/\/acdjeyma.es\/index.php?rest_route=%2Fwp%2Fv2%2Ftags&post=3897"}],"curies":[{"name":"wp","href":"https:\/\/api.w.org\/{rel}","templated":true}]}}