{"id":3886,"date":"2016-03-16T18:48:13","date_gmt":"2016-03-16T16:48:13","guid":{"rendered":"http:\/\/acdjeyma.es\/?p=3886"},"modified":"2016-03-16T20:35:05","modified_gmt":"2016-03-16T18:35:05","slug":"campeonato-provincial-absoluto-femenino-y-de-veteranos-de-ajedrez","status":"publish","type":"post","link":"https:\/\/acdjeyma.es\/?p=3886","title":{"rendered":"Campeonato Provincial Absoluto, Femenino y de Veteranos de Ajedrez"},"content":{"rendered":"<div id=\"attachment_2750\" style=\"width: 300px\" class=\"wp-caption alignright\"><a href=\"http:\/\/acdjeyma.es\/wp-content\/uploads\/2013\/05\/provincial201301.jpg\"><img loading=\"lazy\" decoding=\"async\" aria-describedby=\"caption-attachment-2750\" data-attachment-id=\"2750\" data-permalink=\"https:\/\/acdjeyma.es\/?attachment_id=2750\" data-orig-file=\"https:\/\/acdjeyma.es\/wp-content\/uploads\/2013\/05\/provincial201301.jpg\" data-orig-size=\"467,350\" data-comments-opened=\"1\" data-image-meta=\"{&quot;aperture&quot;:&quot;2.7&quot;,&quot;credit&quot;:&quot;&quot;,&quot;camera&quot;:&quot;GT-I8160P&quot;,&quot;caption&quot;:&quot;&quot;,&quot;created_timestamp&quot;:&quot;1367785810&quot;,&quot;copyright&quot;:&quot;&quot;,&quot;focal_length&quot;:&quot;3.54&quot;,&quot;iso&quot;:&quot;100&quot;,&quot;shutter_speed&quot;:&quot;0.030303&quot;,&quot;title&quot;:&quot;&quot;}\" data-image-title=\"\u00c1ngel Espinosa, campe\u00f3n absoluto\" data-image-description=\"&lt;p&gt;\u00c1ngel Espinosa, campe\u00f3n absoluto.&lt;\/p&gt;\n\" data-image-caption=\"&lt;p&gt;\u00c1ngel Espinosa, campe\u00f3n absoluto.&lt;\/p&gt;\n\" data-medium-file=\"https:\/\/acdjeyma.es\/wp-content\/uploads\/2013\/05\/provincial201301-300x224.jpg\" data-large-file=\"https:\/\/acdjeyma.es\/wp-content\/uploads\/2013\/05\/provincial201301.jpg\" class=\"size-medium wp-image-2750\" src=\"http:\/\/acdjeyma.es\/wp-content\/uploads\/2013\/05\/provincial201301-300x224.jpg\" alt=\"\u00c1ngel Espinosa, campe\u00f3n absoluto\" width=\"300\" height=\"224\" srcset=\"https:\/\/acdjeyma.es\/wp-content\/uploads\/2013\/05\/provincial201301-300x224.jpg 300w, https:\/\/acdjeyma.es\/wp-content\/uploads\/2013\/05\/provincial201301.jpg 467w\" sizes=\"auto, (max-width: 300px) 100vw, 300px\" \/><\/a><p id=\"caption-attachment-2750\" class=\"wp-caption-text\">\u00c1ngel Espinosa fue el campe\u00f3n absoluto en 2013, en el \u00faltimo campeonato provincial celebrado en Bola\u00f1os en el que colabor\u00f3 la Asociaci\u00f3n Jeyma.<\/p><\/div>\n<p>La Asociaci\u00f3n Cultural y Deportiva Jeyma colabora con la Delegaci\u00f3n Provincial de Ajedrez y el Excmo. Ayuntamiento de Bola\u00f1os en la organizaci\u00f3n del Campeonato Provincial Absoluto, Femenino y de Veteranos de Ajedrez, cuya celebraci\u00f3n est\u00e1 prevista los d\u00edas 3, 10 y 17 de abril en la Sala de Exposiciones de la Casa de Cultura de Bola\u00f1os de Calatrava.<\/p>\n<p>En este campeonato podr\u00e1n participar los jugadores federados en Castilla-La Mancha con licencia en vigor. El ritmo de juego ser\u00e1 de 90 minutos por jugador, a\u00f1adi\u00e9ndose 30 segundos por cada movimiento realizado. El campeonato se jugar\u00e1 por sistema suizo, dependiendo el n\u00famero de rondas del n\u00famero de jugadores participantes, disput\u00e1ndose 6 rondas si hay menos de 40 jugadores y 7 rondas si el n\u00famero de participantes es superior a esa cifra.<\/p>\n<p>En esta edici\u00f3n se repartir\u00e1n un total de 300 \u20ac en premios, as\u00ed como 5 lotes de productos de empresas bola\u00f1egas.\u00a0Adem\u00e1s, los campeones de las diferentes modalidades se clasifican para la fase regional.<\/p>\n<p>Esperamos que la propuesta resulte atractiva a mucha gente, tanto para jugar como para disfrutar como espectador, y podamos vivir unos buenos d\u00edas de ajedrez en Bola\u00f1os de Calatrava.<\/p>\n<p>A continuaci\u00f3n, se muestran las bases del campeonato:<\/p>\n<p><a href=\"http:\/\/acdjeyma.es\/wp-content\/uploads\/2016\/03\/BasesProvAbsFemVet2016.pdf\">Bases Provincial 2016<\/a><\/p>\n<p>Para completar la informaci\u00f3n del campeonato, as\u00ed como para formalizar la inscripci\u00f3n, dejo el enlace a la web principal que recoger\u00e1 los datos del evento:<\/p>\n<p><a href=\"http:\/\/ajedrezesdeporte.webnode.es\/\">http:\/\/ajedrezesdeporte.webnode.es\/products\/campeonato-provincial-absoluto-veterano-y-femenino-de-c-real-2016\/<\/a><\/p>\n","protected":false},"excerpt":{"rendered":"<p>La Asociaci\u00f3n Cultural y Deportiva Jeyma colabora con la Delegaci\u00f3n Provincial de Ajedrez y el Excmo. Ayuntamiento de Bola\u00f1os en la organizaci\u00f3n del Campeonato Provincial Absoluto, Femenino y de Veteranos de Ajedrez, cuya celebraci\u00f3n est\u00e1 prevista los d\u00edas 3, 10 y 17 de abril en la Sala de Exposiciones de la Casa de Cultura de &hellip; <\/p>\n<p><a class=\"more-link btn\" href=\"https:\/\/acdjeyma.es\/?p=3886\">Seguir leyendo<\/a><\/p>\n","protected":false},"author":2,"featured_media":0,"comment_status":"open","ping_status":"open","sticky":false,"template":"","format":"standard","meta":{"jetpack_post_was_ever_published":false,"_jetpack_newsletter_access":"","_jetpack_dont_email_post_to_subs":false,"_jetpack_newsletter_tier_id":0,"_jetpack_memberships_contains_paywalled_content":false,"_jetpack_memberships_contains_paid_content":false,"footnotes":""},"categories":[2,3,8,14],"tags":[174,20,132,181,184,76,116,183,182,69],"class_list":["post-3886","post","type-post","status-publish","format-standard","hentry","category-acd-jeyma","category-actividades","category-deportivas","category-noticias","tag-174","tag-ajedrez","tag-bolanos","tag-campeonato","tag-ciudad-real","tag-femenino","tag-jeyma","tag-masculino","tag-provincial","tag-veteranos","item-wrap"],"jetpack_featured_media_url":"","jetpack_shortlink":"https:\/\/wp.me\/p3uf9Z-10G","jetpack_sharing_enabled":true,"jetpack-related-posts":[{"id":2769,"url":"https:\/\/acdjeyma.es\/?p=2769","url_meta":{"origin":3886,"position":0},"title":"Campeonato Provincial Absoluto, Femenino y de Veteranos de Ajedrez de Ciudad Real (5\/5\/2013)","author":"jeyma","date":"7 &#100;&#101; mayo &#100;&#101; 2013","format":false,"excerpt":"Campeonato Provincial Absoluto, Femenino y de Veteranos de Ajedrez de Ciudad Real (5\/5\/2013)","rel":"","context":"En \u00abGaler\u00eda de fotos\u00bb","block_context":{"text":"Galer\u00eda de fotos","link":"https:\/\/acdjeyma.es\/?cat=12"},"img":{"alt_text":"\u00c1ngel Espinosa, campe\u00f3n absoluto","src":"https:\/\/i0.wp.com\/acdjeyma.es\/wp-content\/uploads\/2013\/05\/provincial201301-150x150.jpg?resize=350%2C200&ssl=1","width":350,"height":200},"classes":[]},{"id":2722,"url":"https:\/\/acdjeyma.es\/?p=2722","url_meta":{"origin":3886,"position":1},"title":"El MI almagre\u00f1o \u00c1ngel Espinosa, campe\u00f3n provincial absoluto de ajedrez","author":"Jos\u00e9 Ram\u00f3n","date":"6 &#100;&#101; mayo &#100;&#101; 2013","format":false,"excerpt":"La Asociaci\u00f3n Cultural y Deportiva Jeyma, junto con la Delegaci\u00f3n Provincial de Ajedrez de Ciudad Real y el Excmo. Ayuntamiento de Bola\u00f1os de Calatrava, ha organizado el Campeonato Provincial Absoluto, Femenino y de Veteranos de Ajedrez de Ciudad Real 2013, celebrado en la Casa de Cultura bola\u00f1ega los d\u00edas 14\u2026","rel":"","context":"En \u00abAjedrez\u00bb","block_context":{"text":"Ajedrez","link":"https:\/\/acdjeyma.es\/?cat=235"},"img":{"alt_text":"\u00c1ngel Espinosa, campe\u00f3n absoluto","src":"https:\/\/i0.wp.com\/acdjeyma.es\/wp-content\/uploads\/2013\/05\/provincial201301.jpg?resize=350%2C200&ssl=1","width":350,"height":200},"classes":[]},{"id":3913,"url":"https:\/\/acdjeyma.es\/?p=3913","url_meta":{"origin":3886,"position":2},"title":"El MF V\u00edctor Fern\u00e1ndez, campe\u00f3n provincial absoluto de ajedrez 2016","author":"Jos\u00e9 Ram\u00f3n","date":"18 &#100;&#101; abril &#100;&#101; 2016","format":false,"excerpt":"Durante los d\u00edas 3, 9, 10 y 17 de abril, se ha celebrado en la Casa de Cultura de Bola\u00f1os de Calatrava el Campeonato Provincial Absoluto, Femenino y de Veteranos de Ajedrez de Ciudad Real 2016, organizado por la\u00a0Delegaci\u00f3n Provincial de Ajedrez de Ciudad Real, con la colaboraci\u00f3n de la\u2026","rel":"","context":"En \u00abACD Jeyma\u00bb","block_context":{"text":"ACD Jeyma","link":"https:\/\/acdjeyma.es\/?cat=2"},"img":{"alt_text":"V\u00edctor Fern\u00e1ndez, de Ciudad Real, campe\u00f3n provincial absoluto 2016.","src":"https:\/\/i0.wp.com\/acdjeyma.es\/wp-content\/uploads\/2016\/04\/26490822695_5716e89760_o-300x168.jpg?resize=350%2C200","width":350,"height":200},"classes":[]},{"id":959,"url":"https:\/\/acdjeyma.es\/?p=959","url_meta":{"origin":3886,"position":3},"title":"I Torneo de Ajedrez \u00abACD Jeyma\u00bb","author":"Jos\u00e9 Ram\u00f3n","date":"18 &#100;&#101; diciembre &#100;&#101; 2011","format":false,"excerpt":"El d\u00eda 8 de enero de 2012 se celebrar\u00e1 el I Torneo de ajedrez \"ACD Jeyma\" en la Casa de Cultura de Bola\u00f1os de Calatrava, situada en la calle Toledillo, n\u00ba 18. El torneo est\u00e1 abierto a todo aquel que desee participar, sin limitaciones de sexo, edad o procedencia. Para\u2026","rel":"","context":"En \u00abAjedrez\u00bb","block_context":{"text":"Ajedrez","link":"https:\/\/acdjeyma.es\/?cat=235"},"img":{"alt_text":"Cartel del I Torneo de Ajedrez ACD Jeyma","src":"https:\/\/i0.wp.com\/acdjeyma.es\/wp-content\/uploads\/2011\/12\/ajedrez2012-217x300.jpg?resize=350%2C200","width":350,"height":200},"classes":[]},{"id":1835,"url":"https:\/\/acdjeyma.es\/?p=1835","url_meta":{"origin":3886,"position":4},"title":"II Torneo de Ajedrez \u201cACD Jeyma\u201d","author":"Jos\u00e9 Ram\u00f3n","date":"19 &#100;&#101; diciembre &#100;&#101; 2012","format":false,"excerpt":"El d\u00eda 13 de enero de 2013 a partir de las 10 de la ma\u00f1ana se celebrar\u00e1 en la Casa de Cultura de Bola\u00f1os\u00a0de Calatrava (calle Toledillo\u00a0n\u00ba\u00a023) el II Torneo de Ajedrez \u201cACD Jeyma\u201d, dotado con 500 euros en premios. Tras la edici\u00f3n del a\u00f1o pasado, en la que se\u2026","rel":"","context":"En \u00abAjedrez\u00bb","block_context":{"text":"Ajedrez","link":"https:\/\/acdjeyma.es\/?cat=235"},"img":{"alt_text":"Cartel del II Torneo de Ajedrez ACD Jeyma","src":"https:\/\/i0.wp.com\/acdjeyma.es\/wp-content\/uploads\/2012\/12\/ajedrez2013-213x300.jpg?resize=350%2C200","width":350,"height":200},"classes":[]},{"id":3239,"url":"https:\/\/acdjeyma.es\/?p=3239","url_meta":{"origin":3886,"position":5},"title":"III Torneo de Ajedrez \u00abACD Jeyma\u00bb","author":"Jos\u00e9 Ram\u00f3n","date":"24 &#100;&#101; diciembre &#100;&#101; 2013","format":false,"excerpt":"El d\u00eda 12 de enero de 2014 a partir de las 10 de la ma\u00f1ana se celebrar\u00e1 en la Casa de Cultura de Bola\u00f1os de Calatrava (calle Toledillo n\u00ba 23) el III Torneo de Ajedrez \u201cACD Jeyma\u201d, dotado con 500 euros en premios. La Asociaci\u00f3n Cultural y Deportiva Jeyma, junto\u2026","rel":"","context":"En \u00abAjedrez\u00bb","block_context":{"text":"Ajedrez","link":"https:\/\/acdjeyma.es\/?cat=235"},"img":{"alt_text":"Cartel del III Torneo de Ajedrez 'ACD Jeyma'","src":"https:\/\/i0.wp.com\/acdjeyma.es\/wp-content\/uploads\/2013\/12\/ajedrez2014-213x300.jpg?resize=350%2C200","width":350,"height":200},"classes":[]}],"_links":{"self":[{"href":"https:\/\/acdjeyma.es\/index.php?rest_route=\/wp\/v2\/posts\/3886","targetHints":{"allow":["GET"]}}],"collection":[{"href":"https:\/\/acdjeyma.es\/index.php?rest_route=\/wp\/v2\/posts"}],"about":[{"href":"https:\/\/acdjeyma.es\/index.php?rest_route=\/wp\/v2\/types\/post"}],"author":[{"embeddable":true,"href":"https:\/\/acdjeyma.es\/index.php?rest_route=\/wp\/v2\/users\/2"}],"replies":[{"embeddable":true,"href":"https:\/\/acdjeyma.es\/index.php?rest_route=%2Fwp%2Fv2%2Fcomments&post=3886"}],"version-history":[{"count":6,"href":"https:\/\/acdjeyma.es\/index.php?rest_route=\/wp\/v2\/posts\/3886\/revisions"}],"predecessor-version":[{"id":3890,"href":"https:\/\/acdjeyma.es\/index.php?rest_route=\/wp\/v2\/posts\/3886\/revisions\/3890"}],"wp:attachment":[{"href":"https:\/\/acdjeyma.es\/index.php?rest_route=%2Fwp%2Fv2%2Fmedia&parent=3886"}],"wp:term":[{"taxonomy":"category","embeddable":true,"href":"https:\/\/acdjeyma.es\/index.php?rest_route=%2Fwp%2Fv2%2Fcategories&post=3886"},{"taxonomy":"post_tag","embeddable":true,"href":"https:\/\/acdjeyma.es\/index.php?rest_route=%2Fwp%2Fv2%2Ftags&post=3886"}],"curies":[{"name":"wp","href":"https:\/\/api.w.org\/{rel}","templated":true}]}}