{"id":3211,"date":"2013-12-19T18:37:17","date_gmt":"2013-12-19T16:37:17","guid":{"rendered":"http:\/\/acdjeyma.es\/?p=3211"},"modified":"2014-05-03T17:42:07","modified_gmt":"2014-05-03T15:42:07","slug":"encuentro-de-solidaridad-y-voluntariado-de-bolanos-1122013","status":"publish","type":"post","link":"https:\/\/acdjeyma.es\/?p=3211","title":{"rendered":"Encuentro de Solidaridad y Voluntariado de Bola\u00f1os (1\/12\/2013)"},"content":{"rendered":"<h1>Encuentro de Solidaridad y Voluntariado de Bola\u00f1os (1\/12\/2013)<\/h1>\n\n\t\t<style type=\"text\/css\">\n\t\t\t#gallery-1 {\n\t\t\t\tmargin: auto;\n\t\t\t}\n\t\t\t#gallery-1 .gallery-item {\n\t\t\t\tfloat: left;\n\t\t\t\tmargin-top: 10px;\n\t\t\t\ttext-align: center;\n\t\t\t\twidth: 25%;\n\t\t\t}\n\t\t\t#gallery-1 img {\n\t\t\t\tborder: 2px solid #cfcfcf;\n\t\t\t}\n\t\t\t#gallery-1 .gallery-caption {\n\t\t\t\tmargin-left: 0;\n\t\t\t}\n\t\t\t\/* see gallery_shortcode() in wp-includes\/media.php *\/\n\t\t<\/style>\n\t\t<div data-carousel-extra='{\"blog_id\":1,\"permalink\":\"https:\\\/\\\/acdjeyma.es\\\/?p=3211\"}' id='gallery-1' class='gallery galleryid-3211 gallery-columns-4 gallery-size-thumbnail'><dl class='gallery-item'>\n\t\t\t<dt class='gallery-icon landscape'>\n\t\t\t\t<a href='https:\/\/acdjeyma.es\/?attachment_id=3194'><img loading=\"lazy\" decoding=\"async\" width=\"150\" height=\"150\" src=\"https:\/\/acdjeyma.es\/wp-content\/uploads\/2013\/12\/stands201301-150x150.jpg\" class=\"attachment-thumbnail size-thumbnail\" alt=\"Jornada de Solidaridad y Voluntariado de Bola\u00f1os\" aria-describedby=\"gallery-1-3194\" data-attachment-id=\"3194\" data-permalink=\"https:\/\/acdjeyma.es\/?attachment_id=3194\" data-orig-file=\"https:\/\/acdjeyma.es\/wp-content\/uploads\/2013\/12\/stands201301.jpg\" data-orig-size=\"467,350\" data-comments-opened=\"1\" data-image-meta=\"{&quot;aperture&quot;:&quot;2.7&quot;,&quot;credit&quot;:&quot;&quot;,&quot;camera&quot;:&quot;GT-I8160P&quot;,&quot;caption&quot;:&quot;&quot;,&quot;created_timestamp&quot;:&quot;1385900570&quot;,&quot;copyright&quot;:&quot;&quot;,&quot;focal_length&quot;:&quot;3.54&quot;,&quot;iso&quot;:&quot;50&quot;,&quot;shutter_speed&quot;:&quot;0.001503&quot;,&quot;title&quot;:&quot;&quot;}\" data-image-title=\"Jornada de Solidaridad y Voluntariado de Bola\u00f1os\" data-image-description=\"&lt;p&gt;Jornada de Solidaridad y Voluntariado de Bola\u00f1os.&lt;\/p&gt;\n\" data-image-caption=\"&lt;p&gt;Jornada de Solidaridad y Voluntariado de Bola\u00f1os.&lt;\/p&gt;\n\" data-medium-file=\"https:\/\/acdjeyma.es\/wp-content\/uploads\/2013\/12\/stands201301-300x224.jpg\" data-large-file=\"https:\/\/acdjeyma.es\/wp-content\/uploads\/2013\/12\/stands201301.jpg\" \/><\/a>\n\t\t\t<\/dt>\n\t\t\t\t<dd class='wp-caption-text gallery-caption' id='gallery-1-3194'>\n\t\t\t\tJornada de Solidaridad y Voluntariado de Bola\u00f1os.\n\t\t\t\t<\/dd><\/dl><dl class='gallery-item'>\n\t\t\t<dt class='gallery-icon landscape'>\n\t\t\t\t<a href='https:\/\/acdjeyma.es\/?attachment_id=3195'><img loading=\"lazy\" decoding=\"async\" width=\"150\" height=\"150\" src=\"https:\/\/acdjeyma.es\/wp-content\/uploads\/2013\/12\/stands201302-150x150.jpg\" class=\"attachment-thumbnail size-thumbnail\" alt=\"La Plaza de Espa\u00f1a estuvo muy concurrida durante la jornada\" aria-describedby=\"gallery-1-3195\" data-attachment-id=\"3195\" data-permalink=\"https:\/\/acdjeyma.es\/?attachment_id=3195\" data-orig-file=\"https:\/\/acdjeyma.es\/wp-content\/uploads\/2013\/12\/stands201302.jpg\" data-orig-size=\"467,350\" data-comments-opened=\"1\" data-image-meta=\"{&quot;aperture&quot;:&quot;2.7&quot;,&quot;credit&quot;:&quot;&quot;,&quot;camera&quot;:&quot;GT-I8160P&quot;,&quot;caption&quot;:&quot;&quot;,&quot;created_timestamp&quot;:&quot;1385900567&quot;,&quot;copyright&quot;:&quot;&quot;,&quot;focal_length&quot;:&quot;3.54&quot;,&quot;iso&quot;:&quot;50&quot;,&quot;shutter_speed&quot;:&quot;0.000526&quot;,&quot;title&quot;:&quot;&quot;}\" data-image-title=\"La Plaza de Espa\u00f1a estuvo muy concurrida durante la jornada\" data-image-description=\"&lt;p&gt;La Plaza de Espa\u00f1a estuvo muy concurrida durante la jornada.&lt;\/p&gt;\n\" data-image-caption=\"&lt;p&gt;La Plaza de Espa\u00f1a estuvo muy concurrida durante la jornada.&lt;\/p&gt;\n\" data-medium-file=\"https:\/\/acdjeyma.es\/wp-content\/uploads\/2013\/12\/stands201302-300x224.jpg\" data-large-file=\"https:\/\/acdjeyma.es\/wp-content\/uploads\/2013\/12\/stands201302.jpg\" \/><\/a>\n\t\t\t<\/dt>\n\t\t\t\t<dd class='wp-caption-text gallery-caption' id='gallery-1-3195'>\n\t\t\t\tLa Plaza de Espa\u00f1a estuvo muy concurrida durante la jornada.\n\t\t\t\t<\/dd><\/dl><dl class='gallery-item'>\n\t\t\t<dt class='gallery-icon landscape'>\n\t\t\t\t<a href='https:\/\/acdjeyma.es\/?attachment_id=3196'><img loading=\"lazy\" decoding=\"async\" width=\"150\" height=\"150\" src=\"https:\/\/acdjeyma.es\/wp-content\/uploads\/2013\/12\/stands201303-150x150.jpg\" class=\"attachment-thumbnail size-thumbnail\" alt=\"Imagen del Mercadillo Solidario 2013\" aria-describedby=\"gallery-1-3196\" data-attachment-id=\"3196\" data-permalink=\"https:\/\/acdjeyma.es\/?attachment_id=3196\" data-orig-file=\"https:\/\/acdjeyma.es\/wp-content\/uploads\/2013\/12\/stands201303.jpg\" data-orig-size=\"467,350\" data-comments-opened=\"1\" data-image-meta=\"{&quot;aperture&quot;:&quot;2.7&quot;,&quot;credit&quot;:&quot;&quot;,&quot;camera&quot;:&quot;GT-I8160P&quot;,&quot;caption&quot;:&quot;&quot;,&quot;created_timestamp&quot;:&quot;1385899556&quot;,&quot;copyright&quot;:&quot;&quot;,&quot;focal_length&quot;:&quot;3.54&quot;,&quot;iso&quot;:&quot;50&quot;,&quot;shutter_speed&quot;:&quot;0.001353&quot;,&quot;title&quot;:&quot;&quot;}\" data-image-title=\"Imagen del Mercadillo Solidario 2013\" data-image-description=\"&lt;p&gt;Imagen del Mercadillo Solidario 2013.&lt;\/p&gt;\n\" data-image-caption=\"&lt;p&gt;Imagen del Mercadillo Solidario 2013.&lt;\/p&gt;\n\" data-medium-file=\"https:\/\/acdjeyma.es\/wp-content\/uploads\/2013\/12\/stands201303-300x224.jpg\" data-large-file=\"https:\/\/acdjeyma.es\/wp-content\/uploads\/2013\/12\/stands201303.jpg\" \/><\/a>\n\t\t\t<\/dt>\n\t\t\t\t<dd class='wp-caption-text gallery-caption' id='gallery-1-3196'>\n\t\t\t\tImagen del Mercadillo Solidario 2013.\n\t\t\t\t<\/dd><\/dl><dl class='gallery-item'>\n\t\t\t<dt class='gallery-icon landscape'>\n\t\t\t\t<a href='https:\/\/acdjeyma.es\/?attachment_id=3197'><img loading=\"lazy\" decoding=\"async\" width=\"150\" height=\"150\" src=\"https:\/\/acdjeyma.es\/wp-content\/uploads\/2013\/12\/stands201304-150x150.jpg\" class=\"attachment-thumbnail size-thumbnail\" alt=\"Miembros de la ACD Jeyma en el Mercadillo Solidario\" aria-describedby=\"gallery-1-3197\" data-attachment-id=\"3197\" data-permalink=\"https:\/\/acdjeyma.es\/?attachment_id=3197\" data-orig-file=\"https:\/\/acdjeyma.es\/wp-content\/uploads\/2013\/12\/stands201304.jpg\" data-orig-size=\"467,350\" data-comments-opened=\"1\" data-image-meta=\"{&quot;aperture&quot;:&quot;2.7&quot;,&quot;credit&quot;:&quot;&quot;,&quot;camera&quot;:&quot;GT-I8160P&quot;,&quot;caption&quot;:&quot;&quot;,&quot;created_timestamp&quot;:&quot;1385899507&quot;,&quot;copyright&quot;:&quot;&quot;,&quot;focal_length&quot;:&quot;3.54&quot;,&quot;iso&quot;:&quot;50&quot;,&quot;shutter_speed&quot;:&quot;0.007407&quot;,&quot;title&quot;:&quot;&quot;}\" data-image-title=\"Miembros de la ACD Jeyma en el Mercadillo Solidario\" data-image-description=\"&lt;p&gt;Miembros de la ACD Jeyma en el Mercadillo Solidario.&lt;\/p&gt;\n\" data-image-caption=\"&lt;p&gt;Miembros de la ACD Jeyma en el Mercadillo Solidario.&lt;\/p&gt;\n\" data-medium-file=\"https:\/\/acdjeyma.es\/wp-content\/uploads\/2013\/12\/stands201304-300x224.jpg\" data-large-file=\"https:\/\/acdjeyma.es\/wp-content\/uploads\/2013\/12\/stands201304.jpg\" \/><\/a>\n\t\t\t<\/dt>\n\t\t\t\t<dd class='wp-caption-text gallery-caption' id='gallery-1-3197'>\n\t\t\t\tMiembros de la ACD Jeyma en el Mercadillo Solidario.\n\t\t\t\t<\/dd><\/dl><br style=\"clear: both\" \/><dl class='gallery-item'>\n\t\t\t<dt class='gallery-icon landscape'>\n\t\t\t\t<a href='https:\/\/acdjeyma.es\/?attachment_id=3198'><img loading=\"lazy\" decoding=\"async\" width=\"150\" height=\"150\" src=\"https:\/\/acdjeyma.es\/wp-content\/uploads\/2013\/12\/stands201305-150x150.jpg\" class=\"attachment-thumbnail size-thumbnail\" alt=\"Stand de la Asociaci\u00f3n Cultural y Deportiva Jeyma\" aria-describedby=\"gallery-1-3198\" data-attachment-id=\"3198\" data-permalink=\"https:\/\/acdjeyma.es\/?attachment_id=3198\" data-orig-file=\"https:\/\/acdjeyma.es\/wp-content\/uploads\/2013\/12\/stands201305.jpg\" data-orig-size=\"467,350\" data-comments-opened=\"1\" data-image-meta=\"{&quot;aperture&quot;:&quot;2.7&quot;,&quot;credit&quot;:&quot;&quot;,&quot;camera&quot;:&quot;GT-I8160P&quot;,&quot;caption&quot;:&quot;&quot;,&quot;created_timestamp&quot;:&quot;1385899515&quot;,&quot;copyright&quot;:&quot;&quot;,&quot;focal_length&quot;:&quot;3.54&quot;,&quot;iso&quot;:&quot;50&quot;,&quot;shutter_speed&quot;:&quot;0.008333&quot;,&quot;title&quot;:&quot;&quot;}\" data-image-title=\"Stand de la Asociaci\u00f3n Cultural y Deportiva Jeyma\" data-image-description=\"&lt;p&gt;Stand de la Asociaci\u00f3n Cultural y Deportiva Jeyma.&lt;\/p&gt;\n\" data-image-caption=\"&lt;p&gt;Stand de la Asociaci\u00f3n Cultural y Deportiva Jeyma.&lt;\/p&gt;\n\" data-medium-file=\"https:\/\/acdjeyma.es\/wp-content\/uploads\/2013\/12\/stands201305-300x224.jpg\" data-large-file=\"https:\/\/acdjeyma.es\/wp-content\/uploads\/2013\/12\/stands201305.jpg\" \/><\/a>\n\t\t\t<\/dt>\n\t\t\t\t<dd class='wp-caption-text gallery-caption' id='gallery-1-3198'>\n\t\t\t\tStand de la Asociaci\u00f3n Cultural y Deportiva Jeyma.\n\t\t\t\t<\/dd><\/dl><dl class='gallery-item'>\n\t\t\t<dt class='gallery-icon landscape'>\n\t\t\t\t<a href='https:\/\/acdjeyma.es\/?attachment_id=3199'><img loading=\"lazy\" decoding=\"async\" width=\"150\" height=\"150\" src=\"https:\/\/acdjeyma.es\/wp-content\/uploads\/2013\/12\/stands201306-150x150.jpg\" class=\"attachment-thumbnail size-thumbnail\" alt=\"Pasteles caseros elaborados para la ocasi\u00f3n\" aria-describedby=\"gallery-1-3199\" data-attachment-id=\"3199\" data-permalink=\"https:\/\/acdjeyma.es\/?attachment_id=3199\" data-orig-file=\"https:\/\/acdjeyma.es\/wp-content\/uploads\/2013\/12\/stands201306.jpg\" data-orig-size=\"467,350\" data-comments-opened=\"1\" data-image-meta=\"{&quot;aperture&quot;:&quot;2.7&quot;,&quot;credit&quot;:&quot;&quot;,&quot;camera&quot;:&quot;GT-I8160P&quot;,&quot;caption&quot;:&quot;&quot;,&quot;created_timestamp&quot;:&quot;1385899465&quot;,&quot;copyright&quot;:&quot;&quot;,&quot;focal_length&quot;:&quot;3.54&quot;,&quot;iso&quot;:&quot;50&quot;,&quot;shutter_speed&quot;:&quot;0.005235&quot;,&quot;title&quot;:&quot;&quot;}\" data-image-title=\"Pasteles caseros elaborados para la ocasi\u00f3n\" data-image-description=\"&lt;p&gt;Pasteles caseros elaborados para la ocasi\u00f3n.&lt;\/p&gt;\n\" data-image-caption=\"&lt;p&gt;Pasteles caseros elaborados para la ocasi\u00f3n.&lt;\/p&gt;\n\" data-medium-file=\"https:\/\/acdjeyma.es\/wp-content\/uploads\/2013\/12\/stands201306-300x224.jpg\" data-large-file=\"https:\/\/acdjeyma.es\/wp-content\/uploads\/2013\/12\/stands201306.jpg\" \/><\/a>\n\t\t\t<\/dt>\n\t\t\t\t<dd class='wp-caption-text gallery-caption' id='gallery-1-3199'>\n\t\t\t\tPasteles caseros elaborados para la ocasi\u00f3n.\n\t\t\t\t<\/dd><\/dl><dl class='gallery-item'>\n\t\t\t<dt class='gallery-icon portrait'>\n\t\t\t\t<a href='https:\/\/acdjeyma.es\/?attachment_id=3200'><img loading=\"lazy\" decoding=\"async\" width=\"150\" height=\"150\" src=\"https:\/\/acdjeyma.es\/wp-content\/uploads\/2013\/12\/stands201307-150x150.jpg\" class=\"attachment-thumbnail size-thumbnail\" alt=\"Puesto informativo de la ACD Jeyma\" aria-describedby=\"gallery-1-3200\" data-attachment-id=\"3200\" data-permalink=\"https:\/\/acdjeyma.es\/?attachment_id=3200\" data-orig-file=\"https:\/\/acdjeyma.es\/wp-content\/uploads\/2013\/12\/stands201307.jpg\" data-orig-size=\"350,467\" data-comments-opened=\"1\" data-image-meta=\"{&quot;aperture&quot;:&quot;2.8&quot;,&quot;credit&quot;:&quot;&quot;,&quot;camera&quot;:&quot;GT-S5369&quot;,&quot;caption&quot;:&quot;&quot;,&quot;created_timestamp&quot;:&quot;1385899668&quot;,&quot;copyright&quot;:&quot;&quot;,&quot;focal_length&quot;:&quot;2.73&quot;,&quot;iso&quot;:&quot;100&quot;,&quot;shutter_speed&quot;:&quot;0.0023364485981308&quot;,&quot;title&quot;:&quot;&quot;}\" data-image-title=\"Puesto informativo de la ACD Jeyma\" data-image-description=\"&lt;p&gt;Puesto informativo de la ACD Jeyma.&lt;\/p&gt;\n\" data-image-caption=\"&lt;p&gt;Puesto informativo de la ACD Jeyma.&lt;\/p&gt;\n\" data-medium-file=\"https:\/\/acdjeyma.es\/wp-content\/uploads\/2013\/12\/stands201307-224x300.jpg\" data-large-file=\"https:\/\/acdjeyma.es\/wp-content\/uploads\/2013\/12\/stands201307.jpg\" \/><\/a>\n\t\t\t<\/dt>\n\t\t\t\t<dd class='wp-caption-text gallery-caption' id='gallery-1-3200'>\n\t\t\t\tPuesto informativo de la ACD Jeyma.\n\t\t\t\t<\/dd><\/dl><dl class='gallery-item'>\n\t\t\t<dt class='gallery-icon portrait'>\n\t\t\t\t<a href='https:\/\/acdjeyma.es\/?attachment_id=3201'><img loading=\"lazy\" decoding=\"async\" width=\"150\" height=\"150\" src=\"https:\/\/acdjeyma.es\/wp-content\/uploads\/2013\/12\/stands201308-150x150.jpg\" class=\"attachment-thumbnail size-thumbnail\" alt=\"Preparando el material del stand\" aria-describedby=\"gallery-1-3201\" data-attachment-id=\"3201\" data-permalink=\"https:\/\/acdjeyma.es\/?attachment_id=3201\" data-orig-file=\"https:\/\/acdjeyma.es\/wp-content\/uploads\/2013\/12\/stands201308.jpg\" data-orig-size=\"350,467\" data-comments-opened=\"1\" data-image-meta=\"{&quot;aperture&quot;:&quot;2.8&quot;,&quot;credit&quot;:&quot;&quot;,&quot;camera&quot;:&quot;GT-S5369&quot;,&quot;caption&quot;:&quot;&quot;,&quot;created_timestamp&quot;:&quot;1385899630&quot;,&quot;copyright&quot;:&quot;&quot;,&quot;focal_length&quot;:&quot;2.73&quot;,&quot;iso&quot;:&quot;100&quot;,&quot;shutter_speed&quot;:&quot;0.0042553191489362&quot;,&quot;title&quot;:&quot;&quot;}\" data-image-title=\"Preparando el material del stand\" data-image-description=\"&lt;p&gt;Preparando el material del stand.&lt;\/p&gt;\n\" data-image-caption=\"&lt;p&gt;Preparando el material del stand.&lt;\/p&gt;\n\" data-medium-file=\"https:\/\/acdjeyma.es\/wp-content\/uploads\/2013\/12\/stands201308-224x300.jpg\" data-large-file=\"https:\/\/acdjeyma.es\/wp-content\/uploads\/2013\/12\/stands201308.jpg\" \/><\/a>\n\t\t\t<\/dt>\n\t\t\t\t<dd class='wp-caption-text gallery-caption' id='gallery-1-3201'>\n\t\t\t\tPreparando el material del stand.\n\t\t\t\t<\/dd><\/dl><br style=\"clear: both\" \/><dl class='gallery-item'>\n\t\t\t<dt class='gallery-icon landscape'>\n\t\t\t\t<a href='https:\/\/acdjeyma.es\/?attachment_id=3202'><img loading=\"lazy\" decoding=\"async\" width=\"150\" height=\"150\" src=\"https:\/\/acdjeyma.es\/wp-content\/uploads\/2013\/12\/stands201309-150x150.jpg\" class=\"attachment-thumbnail size-thumbnail\" alt=\"Jeyma en el mercadillo de la Jornada de Solidaridad y Voluntariado\" aria-describedby=\"gallery-1-3202\" data-attachment-id=\"3202\" data-permalink=\"https:\/\/acdjeyma.es\/?attachment_id=3202\" data-orig-file=\"https:\/\/acdjeyma.es\/wp-content\/uploads\/2013\/12\/stands201309.jpg\" data-orig-size=\"467,350\" data-comments-opened=\"1\" data-image-meta=\"{&quot;aperture&quot;:&quot;2.8&quot;,&quot;credit&quot;:&quot;&quot;,&quot;camera&quot;:&quot;GT-S5369&quot;,&quot;caption&quot;:&quot;&quot;,&quot;created_timestamp&quot;:&quot;1385899615&quot;,&quot;copyright&quot;:&quot;&quot;,&quot;focal_length&quot;:&quot;2.73&quot;,&quot;iso&quot;:&quot;100&quot;,&quot;shutter_speed&quot;:&quot;0.0038461538461538&quot;,&quot;title&quot;:&quot;&quot;}\" data-image-title=\"Jeyma en el mercadillo de la Jornada de Solidaridad y Voluntariado\" data-image-description=\"&lt;p&gt;Jeyma en el mercadillo de la Jornada de Solidaridad y Voluntariado.&lt;\/p&gt;\n\" data-image-caption=\"&lt;p&gt;Jeyma en el mercadillo de la Jornada de Solidaridad y Voluntariado.&lt;\/p&gt;\n\" data-medium-file=\"https:\/\/acdjeyma.es\/wp-content\/uploads\/2013\/12\/stands201309-300x224.jpg\" data-large-file=\"https:\/\/acdjeyma.es\/wp-content\/uploads\/2013\/12\/stands201309.jpg\" \/><\/a>\n\t\t\t<\/dt>\n\t\t\t\t<dd class='wp-caption-text gallery-caption' id='gallery-1-3202'>\n\t\t\t\tJeyma en el mercadillo de la Jornada de Solidaridad y Voluntariado.\n\t\t\t\t<\/dd><\/dl><dl class='gallery-item'>\n\t\t\t<dt class='gallery-icon landscape'>\n\t\t\t\t<a href='https:\/\/acdjeyma.es\/?attachment_id=3203'><img loading=\"lazy\" decoding=\"async\" width=\"150\" height=\"150\" src=\"https:\/\/acdjeyma.es\/wp-content\/uploads\/2013\/12\/stands201310-150x150.jpg\" class=\"attachment-thumbnail size-thumbnail\" alt=\"Punto de venta de Loter\u00eda de Navidad y del Ni\u00f1o\" aria-describedby=\"gallery-1-3203\" data-attachment-id=\"3203\" data-permalink=\"https:\/\/acdjeyma.es\/?attachment_id=3203\" data-orig-file=\"https:\/\/acdjeyma.es\/wp-content\/uploads\/2013\/12\/stands201310.jpg\" data-orig-size=\"467,350\" data-comments-opened=\"1\" data-image-meta=\"{&quot;aperture&quot;:&quot;2.8&quot;,&quot;credit&quot;:&quot;&quot;,&quot;camera&quot;:&quot;GT-S5369&quot;,&quot;caption&quot;:&quot;&quot;,&quot;created_timestamp&quot;:&quot;1385899602&quot;,&quot;copyright&quot;:&quot;&quot;,&quot;focal_length&quot;:&quot;2.73&quot;,&quot;iso&quot;:&quot;100&quot;,&quot;shutter_speed&quot;:&quot;0.0047619047619048&quot;,&quot;title&quot;:&quot;&quot;}\" data-image-title=\"Punto de venta de Loter\u00eda de Navidad y del Ni\u00f1o\" data-image-description=\"&lt;p&gt;Punto de venta de Loter\u00eda de Navidad y del Ni\u00f1o.&lt;\/p&gt;\n\" data-image-caption=\"&lt;p&gt;Punto de venta de Loter\u00eda de Navidad y del Ni\u00f1o.&lt;\/p&gt;\n\" data-medium-file=\"https:\/\/acdjeyma.es\/wp-content\/uploads\/2013\/12\/stands201310-300x224.jpg\" data-large-file=\"https:\/\/acdjeyma.es\/wp-content\/uploads\/2013\/12\/stands201310.jpg\" \/><\/a>\n\t\t\t<\/dt>\n\t\t\t\t<dd class='wp-caption-text gallery-caption' id='gallery-1-3203'>\n\t\t\t\tPunto de venta de Loter\u00eda de Navidad y del Ni\u00f1o.\n\t\t\t\t<\/dd><\/dl><dl class='gallery-item'>\n\t\t\t<dt class='gallery-icon landscape'>\n\t\t\t\t<a href='https:\/\/acdjeyma.es\/?attachment_id=3193'><img loading=\"lazy\" decoding=\"async\" width=\"150\" height=\"150\" src=\"https:\/\/acdjeyma.es\/wp-content\/uploads\/2013\/12\/stands201311-150x150.jpg\" class=\"attachment-thumbnail size-thumbnail\" alt=\"Ejemplares disponibles del \u00faltimo bolet\u00edn informativo de la ACDJ\" aria-describedby=\"gallery-1-3193\" data-attachment-id=\"3193\" data-permalink=\"https:\/\/acdjeyma.es\/?attachment_id=3193\" data-orig-file=\"https:\/\/acdjeyma.es\/wp-content\/uploads\/2013\/12\/stands201311.jpg\" data-orig-size=\"467,350\" data-comments-opened=\"1\" data-image-meta=\"{&quot;aperture&quot;:&quot;2.8&quot;,&quot;credit&quot;:&quot;&quot;,&quot;camera&quot;:&quot;GT-S5369&quot;,&quot;caption&quot;:&quot;&quot;,&quot;created_timestamp&quot;:&quot;1385899719&quot;,&quot;copyright&quot;:&quot;&quot;,&quot;focal_length&quot;:&quot;2.73&quot;,&quot;iso&quot;:&quot;100&quot;,&quot;shutter_speed&quot;:&quot;0.0060240963855422&quot;,&quot;title&quot;:&quot;&quot;}\" data-image-title=\"Ejemplares disponibles del \u00faltimo bolet\u00edn informativo de la ACDJ\" data-image-description=\"&lt;p&gt;Ejemplares disponibles del \u00faltimo bolet\u00edn informativo de la ACDJ.&lt;\/p&gt;\n\" data-image-caption=\"&lt;p&gt;Ejemplares disponibles del \u00faltimo bolet\u00edn informativo de la ACDJ.&lt;\/p&gt;\n\" data-medium-file=\"https:\/\/acdjeyma.es\/wp-content\/uploads\/2013\/12\/stands201311-300x224.jpg\" data-large-file=\"https:\/\/acdjeyma.es\/wp-content\/uploads\/2013\/12\/stands201311.jpg\" \/><\/a>\n\t\t\t<\/dt>\n\t\t\t\t<dd class='wp-caption-text gallery-caption' id='gallery-1-3193'>\n\t\t\t\tEjemplares disponibles del \u00faltimo bolet\u00edn informativo de la ACDJ.\n\t\t\t\t<\/dd><\/dl>\n\t\t\t<br style='clear: both' \/>\n\t\t<\/div>\n\n","protected":false},"excerpt":{"rendered":"<p>Encuentro de Solidaridad y Voluntariado de Bola\u00f1os (1\/12\/2013)<\/p>\n","protected":false},"author":1,"featured_media":0,"comment_status":"open","ping_status":"open","sticky":false,"template":"","format":"standard","meta":{"jetpack_post_was_ever_published":false,"_jetpack_newsletter_access":"","_jetpack_dont_email_post_to_subs":false,"_jetpack_newsletter_tier_id":0,"_jetpack_memberships_contains_paywalled_content":false,"_jetpack_memberships_contains_paid_content":false,"footnotes":""},"categories":[12],"tags":[19,27,38,40,42,106,55,65,66,68,71],"class_list":["post-3211","post","type-post","status-publish","format-standard","hentry","category-galeria","tag-acd-jeyma-2","tag-caritas","tag-encuentro","tag-fotografias","tag-futbol-7","tag-mercadillo","tag-noticias-2","tag-solidaridad","tag-sport-team-jeyma","tag-torneo-solidario","tag-voluntariado","item-wrap"],"jetpack_featured_media_url":"","jetpack_shortlink":"https:\/\/wp.me\/p3uf9Z-PN","jetpack_sharing_enabled":true,"jetpack-related-posts":[{"id":3216,"url":"https:\/\/acdjeyma.es\/?p=3216","url_meta":{"origin":3211,"position":0},"title":"Encuentro de Solidaridad y Voluntariado de Bola\u00f1os (1\/12\/2013)","author":"jeyma","date":"19 &#100;&#101; diciembre &#100;&#101; 2013","format":"video","excerpt":"Encuentro de Solidaridad y Voluntariado de Bola\u00f1os (1\/12\/2013)","rel":"","context":"En \u00abV\u00eddeos\u00bb","block_context":{"text":"V\u00eddeos","link":"https:\/\/acdjeyma.es\/?cat=111"},"img":{"alt_text":"","src":"","width":0,"height":0},"classes":[]},{"id":1398,"url":"https:\/\/acdjeyma.es\/?p=1398","url_meta":{"origin":3211,"position":1},"title":"Encuentro de Solidaridad y Voluntariado de Bola\u00f1os (27\/11\/2011)","author":"jeyma","date":"10 &#100;&#101; diciembre &#100;&#101; 2011","format":false,"excerpt":"Encuentro de Solidaridad y Voluntariado de Bola\u00f1os (27\/11\/2011)","rel":"","context":"En \u00abGaler\u00eda de fotos\u00bb","block_context":{"text":"Galer\u00eda de fotos","link":"https:\/\/acdjeyma.es\/?cat=12"},"img":{"alt_text":"","src":"https:\/\/i0.wp.com\/acdjeyma.es\/wp-content\/uploads\/2011\/12\/stand201101-150x150.jpg?resize=350%2C200&ssl=1","width":350,"height":200},"classes":[]},{"id":1819,"url":"https:\/\/acdjeyma.es\/?p=1819","url_meta":{"origin":3211,"position":2},"title":"Encuentro de Solidaridad y Voluntariado de Bola\u00f1os (25\/11\/2012)","author":"jeyma","date":"6 &#100;&#101; diciembre &#100;&#101; 2012","format":false,"excerpt":"Encuentro de Solidaridad y Voluntariado de Bola\u00f1os (25\/11\/2012)","rel":"","context":"En \u00abGaler\u00eda de fotos\u00bb","block_context":{"text":"Galer\u00eda de fotos","link":"https:\/\/acdjeyma.es\/?cat=12"},"img":{"alt_text":"","src":"https:\/\/i0.wp.com\/acdjeyma.es\/wp-content\/uploads\/2012\/11\/torneof7caritas2012-150x150.jpg?resize=350%2C200&ssl=1","width":350,"height":200},"classes":[]},{"id":929,"url":"https:\/\/acdjeyma.es\/?p=929","url_meta":{"origin":3211,"position":3},"title":"Encuentro de Solidaridad y Voluntariado de Bola\u00f1os","author":"jeyma","date":"10 &#100;&#101; diciembre &#100;&#101; 2011","format":false,"excerpt":"El pasado 27 de noviembre, la Asociaci\u00f3n Cultural y Deportiva Jeyma estuvo presente en el encuentro de asociaciones que se celebr\u00f3 por la ma\u00f1ana en la Plaza de Espa\u00f1a, dentro de los actos programados para el Encuentro de Solidaridad y Voluntariado que se vinieron desarrollando a lo largo de la\u2026","rel":"","context":"En \u00abACD Jeyma\u00bb","block_context":{"text":"ACD Jeyma","link":"https:\/\/acdjeyma.es\/?cat=2"},"img":{"alt_text":"Stand de la ACDJ en el encuentro de solidaridad y voluntariado 2011, vicepresidente y presidente","src":"https:\/\/i0.wp.com\/acdjeyma.es\/wp-content\/uploads\/2011\/12\/stand201101.jpg?resize=350%2C200&ssl=1","width":350,"height":200},"classes":[]},{"id":1806,"url":"https:\/\/acdjeyma.es\/?p=1806","url_meta":{"origin":3211,"position":4},"title":"Acto de Clausura del Encuentro de Solidaridad y Voluntariado 2012","author":"mars9","date":"6 &#100;&#101; diciembre &#100;&#101; 2012","format":false,"excerpt":"La Asociaci\u00f3n Cultural y Deportiva Jeyma estuvo presente en el acto que clausuraba el Encuentro de Solidaridad y Voluntariado de Bola\u00f1os 2012. El acto de clausura se celebr\u00f3 en la tarde del pasado domingo 25 de noviembre en la Casa de Cultura municipal, poniendo as\u00ed el broche a una jornada\u2026","rel":"","context":"En \u00abACD Jeyma\u00bb","block_context":{"text":"ACD Jeyma","link":"https:\/\/acdjeyma.es\/?cat=2"},"img":{"alt_text":"C\u00e1ritas fue reconocida con el \"Premio a la Solidaridad 2012\"","src":"https:\/\/i0.wp.com\/acdjeyma.es\/wp-content\/uploads\/2012\/11\/caritas2012.jpg?resize=350%2C200&ssl=1","width":350,"height":200},"classes":[]},{"id":1803,"url":"https:\/\/acdjeyma.es\/?p=1803","url_meta":{"origin":3211,"position":5},"title":"Encuentro de Asociaciones de Solidaridad y Voluntariado 2012","author":"mars9","date":"6 &#100;&#101; diciembre &#100;&#101; 2012","format":false,"excerpt":"El pasado 25 de noviembre, la Asociaci\u00f3n Cultural y Deportiva Jeyma estuvo presente en el encuentro de asociaciones que se celebr\u00f3 por la ma\u00f1ana en la Plaza de Espa\u00f1a dentro de los actos programados para el Encuentro de Solidaridad y Voluntariado 2012. La ACD Jeyma particip\u00f3 con la exposici\u00f3n de\u2026","rel":"","context":"En \u00abACD Jeyma\u00bb","block_context":{"text":"ACD Jeyma","link":"https:\/\/acdjeyma.es\/?cat=2"},"img":{"alt_text":"Stands informativos en la Plaza de Espa\u00f1a","src":"https:\/\/i0.wp.com\/acdjeyma.es\/wp-content\/uploads\/2012\/12\/stands2012.jpg?resize=350%2C200&ssl=1","width":350,"height":200},"classes":[]}],"_links":{"self":[{"href":"https:\/\/acdjeyma.es\/index.php?rest_route=\/wp\/v2\/posts\/3211","targetHints":{"allow":["GET"]}}],"collection":[{"href":"https:\/\/acdjeyma.es\/index.php?rest_route=\/wp\/v2\/posts"}],"about":[{"href":"https:\/\/acdjeyma.es\/index.php?rest_route=\/wp\/v2\/types\/post"}],"author":[{"embeddable":true,"href":"https:\/\/acdjeyma.es\/index.php?rest_route=\/wp\/v2\/users\/1"}],"replies":[{"embeddable":true,"href":"https:\/\/acdjeyma.es\/index.php?rest_route=%2Fwp%2Fv2%2Fcomments&post=3211"}],"version-history":[{"count":1,"href":"https:\/\/acdjeyma.es\/index.php?rest_route=\/wp\/v2\/posts\/3211\/revisions"}],"predecessor-version":[{"id":3212,"href":"https:\/\/acdjeyma.es\/index.php?rest_route=\/wp\/v2\/posts\/3211\/revisions\/3212"}],"wp:attachment":[{"href":"https:\/\/acdjeyma.es\/index.php?rest_route=%2Fwp%2Fv2%2Fmedia&parent=3211"}],"wp:term":[{"taxonomy":"category","embeddable":true,"href":"https:\/\/acdjeyma.es\/index.php?rest_route=%2Fwp%2Fv2%2Fcategories&post=3211"},{"taxonomy":"post_tag","embeddable":true,"href":"https:\/\/acdjeyma.es\/index.php?rest_route=%2Fwp%2Fv2%2Ftags&post=3211"}],"curies":[{"name":"wp","href":"https:\/\/api.w.org\/{rel}","templated":true}]}}