{"id":1762,"date":"2012-11-20T02:29:55","date_gmt":"2012-11-20T01:29:55","guid":{"rendered":"http:\/\/acdjeyma.tk\/?p=1762"},"modified":"2018-09-05T02:04:28","modified_gmt":"2018-09-05T00:04:28","slug":"encuentro-de-solidaridad-y-voluntariado-2012","status":"publish","type":"post","link":"https:\/\/acdjeyma.es\/?p=1762","title":{"rendered":"Encuentro de Solidaridad y Voluntariado 2012"},"content":{"rendered":"<div id=\"attachment_933\" style=\"width: 300px\" class=\"wp-caption alignright\"><a href=\"http:\/\/acdjeyma.es\/?attachment_id=933\" rel=\"attachment wp-att-933\"><img loading=\"lazy\" decoding=\"async\" aria-describedby=\"caption-attachment-933\" data-attachment-id=\"933\" data-permalink=\"https:\/\/acdjeyma.es\/?attachment_id=933\" data-orig-file=\"https:\/\/acdjeyma.es\/wp-content\/uploads\/2011\/12\/stand201102.jpg\" data-orig-size=\"467,350\" data-comments-opened=\"1\" data-image-meta=\"{&quot;aperture&quot;:&quot;0&quot;,&quot;credit&quot;:&quot;&quot;,&quot;camera&quot;:&quot;&quot;,&quot;caption&quot;:&quot;&quot;,&quot;created_timestamp&quot;:&quot;0&quot;,&quot;copyright&quot;:&quot;&quot;,&quot;focal_length&quot;:&quot;0&quot;,&quot;iso&quot;:&quot;0&quot;,&quot;shutter_speed&quot;:&quot;0&quot;,&quot;title&quot;:&quot;&quot;}\" data-image-title=\"Tesorero y presidente en el stand de la ACDJ\" data-image-description=\"&lt;p&gt;Tesorero y presidente en el stand de la ACDJ.&lt;\/p&gt;\n\" data-image-caption=\"&lt;p&gt;Tesorero y presidente en el stand de la ACDJ.&lt;\/p&gt;\n\" data-medium-file=\"https:\/\/acdjeyma.es\/wp-content\/uploads\/2011\/12\/stand201102-300x224.jpg\" data-large-file=\"https:\/\/acdjeyma.es\/wp-content\/uploads\/2011\/12\/stand201102.jpg\" class=\"size-medium wp-image-933\" title=\"Stand de la ACDJ en el encuentro solidario 2011\" src=\"http:\/\/acdjeyma.es\/wp-content\/uploads\/2011\/12\/stand201102-300x224.jpg\" alt=\"Stand de la ACDJ en el encuentro solidario 2011\" width=\"300\" height=\"224\" srcset=\"https:\/\/acdjeyma.es\/wp-content\/uploads\/2011\/12\/stand201102-300x224.jpg 300w, https:\/\/acdjeyma.es\/wp-content\/uploads\/2011\/12\/stand201102.jpg 467w\" sizes=\"auto, (max-width: 300px) 100vw, 300px\" \/><\/a><p id=\"caption-attachment-933\" class=\"wp-caption-text\">Stand de la ACDJ en el encuentro solidario 2011.<\/p><\/div>\n<p style=\"text-align: justify;\">La Asociaci\u00f3n Cultural y Deportiva Jeyma participar\u00e1 activamente el pr\u00f3ximo 25 de noviembre en parte de las actividades programadas por el Ayuntamiento de Bola\u00f1os con motivo del Encuentro de Solidaridad y Voluntariado 2012. <a title=\"Encuentro de Solidaridad y Voluntariado 2011\" href=\"http:\/\/acdjeyma.es\/?p=929\">Al igual que el a\u00f1o anterior<\/a>, la ACD Jeyma tendr\u00e1 un stand en la Plaza de Espa\u00f1a en el Encuentro Solidario a partir de las 11 de la ma\u00f1ana del domingo, en el que se podr\u00e1 obtener el <a title=\"Boletines informativos de la ACD Jeyma\" href=\"http:\/\/acdjeyma.es\/?page_id=279\">nuevo bolet\u00edn<\/a>, recibir informaci\u00f3n de las actividades realizadas y a realizar, hacer donativos o <a title=\"Loter\u00eda de Navidad de la ACD Jeyma\" href=\"http:\/\/acdjeyma.es\/?p=1634\">adquirir loter\u00eda de nuestra asociaci\u00f3n<\/a>, entre otras cosas.<\/p>\n<p><!--more--><\/p>\n<p style=\"text-align: justify;\">Tambi\u00e9n, una hora antes de ese acto, tendr\u00e1 lugar en el campo de f\u00fatbol un torneo de f\u00fatbol 7 solidario a beneficio de los programas de cooperaci\u00f3n internacional llevados a cabo por C\u00e1ritas Diocesana en Bolivia y Ecuador. La ACD Jeyma participar\u00e1 en este campeonato a trav\u00e9s del equipo de f\u00fatbol sala <a title=\"Web oficial del Sport Team Jeyma\" href=\"http:\/\/futsal.acdjeyma.es\" target=\"_blank\">Sport Team Jeyma<\/a>, que disputar\u00e1 el torneo y colaborar\u00e1 con dicha causa.<\/p>\n<p style=\"text-align: justify;\">Os animamos desde nuestra asociaci\u00f3n a colaborar y participar activamente en los actos programados para este encuentro solidario por parte de nuestro Ayuntamiento.<\/p>\n","protected":false},"excerpt":{"rendered":"<p>La Asociaci\u00f3n Cultural y Deportiva Jeyma participar\u00e1 activamente el pr\u00f3ximo 25 de noviembre en parte de las actividades programadas por el Ayuntamiento de Bola\u00f1os con motivo del Encuentro de Solidaridad y Voluntariado 2012. Al igual que el a\u00f1o anterior, la ACD Jeyma tendr\u00e1 un stand en la Plaza de Espa\u00f1a en el Encuentro Solidario a &hellip; <\/p>\n<p><a class=\"more-link btn\" href=\"https:\/\/acdjeyma.es\/?p=1762\">Seguir leyendo<\/a><\/p>\n","protected":false},"author":4,"featured_media":933,"comment_status":"open","ping_status":"open","sticky":false,"template":"","format":"standard","meta":{"jetpack_post_was_ever_published":false,"_jetpack_newsletter_access":"","_jetpack_dont_email_post_to_subs":false,"_jetpack_newsletter_tier_id":0,"_jetpack_memberships_contains_paywalled_content":false,"_jetpack_memberships_contains_paid_content":false,"footnotes":""},"categories":[2,14,16],"tags":[19,38,65,71],"class_list":["post-1762","post","type-post","status-publish","format-standard","has-post-thumbnail","hentry","category-acd-jeyma","category-noticias","category-solidarias","tag-acd-jeyma-2","tag-encuentro","tag-solidaridad","tag-voluntariado","item-wrap"],"jetpack_featured_media_url":"https:\/\/acdjeyma.es\/wp-content\/uploads\/2011\/12\/stand201102.jpg","jetpack_shortlink":"https:\/\/wp.me\/p3uf9Z-sq","jetpack_sharing_enabled":true,"jetpack-related-posts":[{"id":3216,"url":"https:\/\/acdjeyma.es\/?p=3216","url_meta":{"origin":1762,"position":0},"title":"Encuentro de Solidaridad y Voluntariado de Bola\u00f1os (1\/12\/2013)","author":"jeyma","date":"19 &#100;&#101; diciembre &#100;&#101; 2013","format":"video","excerpt":"Encuentro de Solidaridad y Voluntariado de Bola\u00f1os (1\/12\/2013)","rel":"","context":"En \u00abV\u00eddeos\u00bb","block_context":{"text":"V\u00eddeos","link":"https:\/\/acdjeyma.es\/?cat=111"},"img":{"alt_text":"","src":"","width":0,"height":0},"classes":[]},{"id":3211,"url":"https:\/\/acdjeyma.es\/?p=3211","url_meta":{"origin":1762,"position":1},"title":"Encuentro de Solidaridad y Voluntariado de Bola\u00f1os (1\/12\/2013)","author":"jeyma","date":"19 &#100;&#101; diciembre &#100;&#101; 2013","format":false,"excerpt":"Encuentro de Solidaridad y Voluntariado de Bola\u00f1os (1\/12\/2013)","rel":"","context":"En \u00abGaler\u00eda de fotos\u00bb","block_context":{"text":"Galer\u00eda de fotos","link":"https:\/\/acdjeyma.es\/?cat=12"},"img":{"alt_text":"Jornada de Solidaridad y Voluntariado de Bola\u00f1os","src":"https:\/\/i0.wp.com\/acdjeyma.es\/wp-content\/uploads\/2013\/12\/stands201301-150x150.jpg?resize=350%2C200&ssl=1","width":350,"height":200},"classes":[]},{"id":929,"url":"https:\/\/acdjeyma.es\/?p=929","url_meta":{"origin":1762,"position":2},"title":"Encuentro de Solidaridad y Voluntariado de Bola\u00f1os","author":"jeyma","date":"10 &#100;&#101; diciembre &#100;&#101; 2011","format":false,"excerpt":"El pasado 27 de noviembre, la Asociaci\u00f3n Cultural y Deportiva Jeyma estuvo presente en el encuentro de asociaciones que se celebr\u00f3 por la ma\u00f1ana en la Plaza de Espa\u00f1a, dentro de los actos programados para el Encuentro de Solidaridad y Voluntariado que se vinieron desarrollando a lo largo de la\u2026","rel":"","context":"En \u00abACD Jeyma\u00bb","block_context":{"text":"ACD Jeyma","link":"https:\/\/acdjeyma.es\/?cat=2"},"img":{"alt_text":"Stand de la ACDJ en el encuentro de solidaridad y voluntariado 2011, vicepresidente y presidente","src":"https:\/\/i0.wp.com\/acdjeyma.es\/wp-content\/uploads\/2011\/12\/stand201101.jpg?resize=350%2C200&ssl=1","width":350,"height":200},"classes":[]},{"id":1803,"url":"https:\/\/acdjeyma.es\/?p=1803","url_meta":{"origin":1762,"position":3},"title":"Encuentro de Asociaciones de Solidaridad y Voluntariado 2012","author":"mars9","date":"6 &#100;&#101; diciembre &#100;&#101; 2012","format":false,"excerpt":"El pasado 25 de noviembre, la Asociaci\u00f3n Cultural y Deportiva Jeyma estuvo presente en el encuentro de asociaciones que se celebr\u00f3 por la ma\u00f1ana en la Plaza de Espa\u00f1a dentro de los actos programados para el Encuentro de Solidaridad y Voluntariado 2012. La ACD Jeyma particip\u00f3 con la exposici\u00f3n de\u2026","rel":"","context":"En \u00abACD Jeyma\u00bb","block_context":{"text":"ACD Jeyma","link":"https:\/\/acdjeyma.es\/?cat=2"},"img":{"alt_text":"Stands informativos en la Plaza de Espa\u00f1a","src":"https:\/\/i0.wp.com\/acdjeyma.es\/wp-content\/uploads\/2012\/12\/stands2012.jpg?resize=350%2C200&ssl=1","width":350,"height":200},"classes":[]},{"id":1806,"url":"https:\/\/acdjeyma.es\/?p=1806","url_meta":{"origin":1762,"position":4},"title":"Acto de Clausura del Encuentro de Solidaridad y Voluntariado 2012","author":"mars9","date":"6 &#100;&#101; diciembre &#100;&#101; 2012","format":false,"excerpt":"La Asociaci\u00f3n Cultural y Deportiva Jeyma estuvo presente en el acto que clausuraba el Encuentro de Solidaridad y Voluntariado de Bola\u00f1os 2012. El acto de clausura se celebr\u00f3 en la tarde del pasado domingo 25 de noviembre en la Casa de Cultura municipal, poniendo as\u00ed el broche a una jornada\u2026","rel":"","context":"En \u00abACD Jeyma\u00bb","block_context":{"text":"ACD Jeyma","link":"https:\/\/acdjeyma.es\/?cat=2"},"img":{"alt_text":"C\u00e1ritas fue reconocida con el \"Premio a la Solidaridad 2012\"","src":"https:\/\/i0.wp.com\/acdjeyma.es\/wp-content\/uploads\/2012\/11\/caritas2012.jpg?resize=350%2C200&ssl=1","width":350,"height":200},"classes":[]},{"id":1398,"url":"https:\/\/acdjeyma.es\/?p=1398","url_meta":{"origin":1762,"position":5},"title":"Encuentro de Solidaridad y Voluntariado de Bola\u00f1os (27\/11\/2011)","author":"jeyma","date":"10 &#100;&#101; diciembre &#100;&#101; 2011","format":false,"excerpt":"Encuentro de Solidaridad y Voluntariado de Bola\u00f1os (27\/11\/2011)","rel":"","context":"En \u00abGaler\u00eda de fotos\u00bb","block_context":{"text":"Galer\u00eda de fotos","link":"https:\/\/acdjeyma.es\/?cat=12"},"img":{"alt_text":"","src":"https:\/\/i0.wp.com\/acdjeyma.es\/wp-content\/uploads\/2011\/12\/stand201101-150x150.jpg?resize=350%2C200&ssl=1","width":350,"height":200},"classes":[]}],"_links":{"self":[{"href":"https:\/\/acdjeyma.es\/index.php?rest_route=\/wp\/v2\/posts\/1762","targetHints":{"allow":["GET"]}}],"collection":[{"href":"https:\/\/acdjeyma.es\/index.php?rest_route=\/wp\/v2\/posts"}],"about":[{"href":"https:\/\/acdjeyma.es\/index.php?rest_route=\/wp\/v2\/types\/post"}],"author":[{"embeddable":true,"href":"https:\/\/acdjeyma.es\/index.php?rest_route=\/wp\/v2\/users\/4"}],"replies":[{"embeddable":true,"href":"https:\/\/acdjeyma.es\/index.php?rest_route=%2Fwp%2Fv2%2Fcomments&post=1762"}],"version-history":[{"count":6,"href":"https:\/\/acdjeyma.es\/index.php?rest_route=\/wp\/v2\/posts\/1762\/revisions"}],"predecessor-version":[{"id":4785,"href":"https:\/\/acdjeyma.es\/index.php?rest_route=\/wp\/v2\/posts\/1762\/revisions\/4785"}],"wp:featuredmedia":[{"embeddable":true,"href":"https:\/\/acdjeyma.es\/index.php?rest_route=\/wp\/v2\/media\/933"}],"wp:attachment":[{"href":"https:\/\/acdjeyma.es\/index.php?rest_route=%2Fwp%2Fv2%2Fmedia&parent=1762"}],"wp:term":[{"taxonomy":"category","embeddable":true,"href":"https:\/\/acdjeyma.es\/index.php?rest_route=%2Fwp%2Fv2%2Fcategories&post=1762"},{"taxonomy":"post_tag","embeddable":true,"href":"https:\/\/acdjeyma.es\/index.php?rest_route=%2Fwp%2Fv2%2Ftags&post=1762"}],"curies":[{"name":"wp","href":"https:\/\/api.w.org\/{rel}","templated":true}]}}