{"id":1348,"date":"2012-06-06T12:50:07","date_gmt":"2012-06-06T11:50:07","guid":{"rendered":"http:\/\/asociacion.sportteamjeyma.hostei.com\/?p=1348"},"modified":"2018-09-26T17:22:18","modified_gmt":"2018-09-26T15:22:18","slug":"iv-conferencia-rumbo-al-mundial-mexico-1970-alemania-federal-1974","status":"publish","type":"post","link":"https:\/\/acdjeyma.es\/?p=1348","title":{"rendered":"IV Conferencia \u00abRumbo al Mundial\u00bb M\u00e9xico 1970 &#8211; Alemania Federal 1974"},"content":{"rendered":"<div id=\"attachment_1383\" style=\"width: 300px\" class=\"wp-caption alignright\"><a href=\"?attachment_id=1383\" rel=\"attachment wp-att-1383\"><img loading=\"lazy\" decoding=\"async\" aria-describedby=\"caption-attachment-1383\" data-attachment-id=\"1383\" data-permalink=\"https:\/\/acdjeyma.es\/?attachment_id=1383\" data-orig-file=\"https:\/\/acdjeyma.es\/wp-content\/uploads\/2012\/06\/mundial04.jpg\" data-orig-size=\"467,350\" data-comments-opened=\"1\" data-image-meta=\"{&quot;aperture&quot;:&quot;0&quot;,&quot;credit&quot;:&quot;&quot;,&quot;camera&quot;:&quot;7230&quot;,&quot;caption&quot;:&quot;&quot;,&quot;created_timestamp&quot;:&quot;1328376637&quot;,&quot;copyright&quot;:&quot;&quot;,&quot;focal_length&quot;:&quot;0&quot;,&quot;iso&quot;:&quot;0&quot;,&quot;shutter_speed&quot;:&quot;0&quot;,&quot;title&quot;:&quot;&quot;,&quot;orientation&quot;:&quot;0&quot;}\" data-image-title=\"Imagen de la IV Conferencia sobre la Historia de los Campeonatos del Mundo de F\u00fatbol\" data-image-description=\"&lt;p&gt;Imagen de la IV Conferencia sobre la Historia de los Campeonatos del Mundo de F\u00fatbol.&lt;\/p&gt;\n\" data-image-caption=\"&lt;p&gt;Imagen de la IV Conferencia sobre la Historia de los Campeonatos del Mundo de F\u00fatbol.&lt;\/p&gt;\n\" data-medium-file=\"https:\/\/acdjeyma.es\/wp-content\/uploads\/2012\/06\/mundial04-300x225.jpg\" data-large-file=\"https:\/\/acdjeyma.es\/wp-content\/uploads\/2012\/06\/mundial04.jpg\" class=\"size-medium wp-image-1383\" title=\"Imagen de la IV Conferencia sobre la Historia de los Campeonatos del Mundo de F\u00fatbol\" src=\"http:\/\/acdjeyma.es\/wp-content\/uploads\/2012\/06\/mundial04-300x225.jpg\" alt=\"Imagen de la IV Conferencia sobre la Historia de los Campeonatos del Mundo de F\u00fatbol\" width=\"300\" height=\"225\" srcset=\"https:\/\/acdjeyma.es\/wp-content\/uploads\/2012\/06\/mundial04-300x225.jpg 300w, https:\/\/acdjeyma.es\/wp-content\/uploads\/2012\/06\/mundial04.jpg 467w\" sizes=\"auto, (max-width: 300px) 100vw, 300px\" \/><\/a><p id=\"caption-attachment-1383\" class=\"wp-caption-text\">Imagen de la IV Conferencia sobre la Historia de los Campeonatos del Mundo de F\u00fatbol.<\/p><\/div>\n<p style=\"text-align: justify;\">El pasado 4 de febrero se celebr\u00f3 en la sede de la Asociaci\u00f3n Cultural y Deportiva Jeyma la cuarta conferencia de la serie sobre la Historia de los Campeonatos del Mundo de f\u00fatbol impartida por D. V\u00edctor Manuel Ram\u00edrez. En esta ocasi\u00f3n, los asistentes tuvieron la ocasi\u00f3n de conocer al detalle lo sucedido en M\u00e9xico en el verano de 1970, donde la selecci\u00f3n brasile\u00f1a, abanderada por un Pel\u00e9 en la plenitud de su carrera, gan\u00f3 su tercer Mundial, en el que se ha considerado el mejor campeonato de la Historia. Se vio c\u00f3mo a veces, la sinraz\u00f3n de la guerra golpea este deporte, y el estreno de un pa\u00eds africano en la fase final, con Marruecos.<\/p>\n<p><!--more--><\/p>\n<p style=\"text-align: justify;\">Tambi\u00e9n se conoci\u00f3 al detalle las peripecias organizativas y deportivas del Mundial 1974, celebrado en la Alemania Occidental. Se vio como la Guerra Fr\u00eda se hizo presente en el partido que enfrent\u00f3 a las dos Alemanias. Se comprob\u00f3 c\u00f3mo el mal tiempo afect\u00f3 al buen juego, y c\u00f3mo esto benefici\u00f3 a la selecci\u00f3n organizadora. Asistimos al ascenso de una nueva potencia futbol\u00edstica, que desde entonces se convirti\u00f3 en referencia mundial: la Holanda de Cruyff, Ressenbrink, Neeskens o Rep, conocida como \u00abla naranja mec\u00e1nica\u00bb. Y c\u00f3mo \u00e9stos terminaron pagando su inexperiencia en la final de M\u00fcnich.<\/p>\n<p style=\"text-align: justify;\">La exposici\u00f3n se acompa\u00f1\u00f3 de im\u00e1genes y alg\u00fan fragmento de video para complementar el tema.<\/p>\n","protected":false},"excerpt":{"rendered":"<p>El pasado 4 de febrero se celebr\u00f3 en la sede de la Asociaci\u00f3n Cultural y Deportiva Jeyma la cuarta conferencia de la serie sobre la Historia de los Campeonatos del Mundo de f\u00fatbol impartida por D. V\u00edctor Manuel Ram\u00edrez. En esta ocasi\u00f3n, los asistentes tuvieron la ocasi\u00f3n de conocer al detalle lo sucedido en M\u00e9xico &hellip; <\/p>\n<p><a class=\"more-link btn\" href=\"https:\/\/acdjeyma.es\/?p=1348\">Seguir leyendo<\/a><\/p>\n","protected":false},"author":3,"featured_media":1383,"comment_status":"open","ping_status":"open","sticky":false,"template":"","format":"standard","meta":{"jetpack_post_was_ever_published":false,"_jetpack_newsletter_access":"","_jetpack_dont_email_post_to_subs":false,"_jetpack_newsletter_tier_id":0,"_jetpack_memberships_contains_paywalled_content":false,"_jetpack_memberships_contains_paid_content":false,"footnotes":""},"categories":[5,6,245],"tags":[231,113,41,43,229],"class_list":["post-1348","post","type-post","status-publish","format-standard","has-post-thumbnail","hentry","category-conferencias","category-culturales","category-futbol","tag-campeonato-mundial","tag-conferencia","tag-futbol","tag-historia","tag-rumbo-al-mundial","item-wrap"],"jetpack_featured_media_url":"https:\/\/acdjeyma.es\/wp-content\/uploads\/2012\/06\/mundial04.jpg","jetpack_shortlink":"https:\/\/wp.me\/p3uf9Z-lK","jetpack_sharing_enabled":true,"jetpack-related-posts":[{"id":820,"url":"https:\/\/acdjeyma.es\/?p=820","url_meta":{"origin":1348,"position":0},"title":"Ciclo de conferencias \u00abRumbo al Mundial\u00bb. IV Conferencia: M\u00e9xico 1970 y Alemania Occidental 1974","author":"VK","date":"30 &#100;&#101; noviembre &#100;&#101; 2011","format":false,"excerpt":"Continuando con el ciclo de conferencias sobre la Historia de los campeonatos del Mundo de F\u00fatbol, que tiene como t\u00edtulo \"Rumbo al Mundial\", la Asociaci\u00f3n Cultural y Deportiva Jeyma les propone la cuarta entrega. En esta ocasi\u00f3n se tratar\u00e1n dos de las ediciones m\u00e1s famosas y m\u00e1s recordadas por los\u2026","rel":"","context":"En \u00abConferencias\u00bb","block_context":{"text":"Conferencias","link":"https:\/\/acdjeyma.es\/?cat=5"},"img":{"alt_text":"Pel\u00e9 celebra con Jairzinho (dorsal 7) su primer gol en M\u00e9xico 70","src":"https:\/\/i0.wp.com\/acdjeyma.es\/wp-content\/uploads\/2011\/11\/pele70-200x300.jpg?resize=350%2C200","width":350,"height":200},"classes":[]},{"id":780,"url":"https:\/\/acdjeyma.es\/?p=780","url_meta":{"origin":1348,"position":1},"title":"Ciclo de conferencias \u201cRumbo al Mundial, la Historia de los Campeonatos del Mundo de F\u00fatbol\u201d","author":"jeyma","date":"19 &#100;&#101; septiembre &#100;&#101; 2011","format":false,"excerpt":"El pasado 30 de julio se celebr\u00f3 en la sede de la ACDJ la segunda conferencia de la serie \u201cRumbo al Mundial\u201d, a cargo del ponente D. V\u00edctor Manuel Ram\u00edrez. En la misma, el p\u00fablico asistente pudo ver c\u00f3mo se desarrollaron los mundiales de f\u00fatbol organizados por la FIFA en\u2026","rel":"","context":"En \u00abConferencias\u00bb","block_context":{"text":"Conferencias","link":"https:\/\/acdjeyma.es\/?cat=5"},"img":{"alt_text":"Momento de la II Conferencia sobre la Historia de los Campeonatos Mundiales de F\u00fatbol","src":"https:\/\/i0.wp.com\/acdjeyma.es\/wp-content\/uploads\/2011\/09\/mundial02.jpg?resize=350%2C200&ssl=1","width":350,"height":200},"classes":[]},{"id":188,"url":"https:\/\/acdjeyma.es\/?p=188","url_meta":{"origin":1348,"position":2},"title":"Se inicia el ciclo de conferencias \u00abLa Historia de los Campeonatos del Mundo de F\u00fatbol\u00bb","author":"mars9","date":"9 &#100;&#101; abril &#100;&#101; 2011","format":false,"excerpt":"El pasado 2 de Abril, en la sede social de la ACDJ (c\/ Cristo, 94) se inici\u00f3 un ciclo de conferencias organizado por nuestra asociaci\u00f3n titulado \"La Historia de los Campeonatos del Mundo de F\u00fatbol\". En esta primera conferencia, el ponente V\u00edctor Manuel Ram\u00edrez trat\u00f3 desde los principios y or\u00edgenes\u2026","rel":"","context":"En \u00abCine-F\u00f3rum\u00bb","block_context":{"text":"Cine-F\u00f3rum","link":"https:\/\/acdjeyma.es\/?cat=4"},"img":{"alt_text":"Instante de la I Conferencia \u201cLa Historia de los Campeonatos del Mundo de F\u00fatbol\u201d","src":"https:\/\/i0.wp.com\/acdjeyma.es\/wp-content\/uploads\/2011\/04\/mundial01.jpg?resize=350%2C200&ssl=1","width":350,"height":200},"classes":[]},{"id":818,"url":"https:\/\/acdjeyma.es\/?p=818","url_meta":{"origin":1348,"position":3},"title":"Ciclo de conferencias \u00abRumbo al Mundial\u00bb. III Conferencia: Chile 1962 e Inglaterra 1966","author":"VK","date":"29 &#100;&#101; noviembre &#100;&#101; 2011","format":false,"excerpt":"El s\u00e1bado 24 de septiembre tuvo lugar en la sede de la ACyD Jeyma la tercera conferencia dentro del ciclo \"Rumbo al Mundial\", que repasa todas y cada una de las ediciones de los campeonatos mundiales de f\u00fatbol habidos hasta la fecha. En esta ocasi\u00f3n, el ponente, D. V\u00edctor Manuel\u2026","rel":"","context":"En \u00abConferencias\u00bb","block_context":{"text":"Conferencias","link":"https:\/\/acdjeyma.es\/?cat=5"},"img":{"alt_text":"Comienzo de la III Conferencia sobre la Historia de los Mundiales de F\u00fatbol","src":"https:\/\/i0.wp.com\/acdjeyma.es\/wp-content\/uploads\/2011\/11\/mundial03.jpg?resize=350%2C200&ssl=1","width":350,"height":200},"classes":[]},{"id":583,"url":"https:\/\/acdjeyma.es\/?p=583","url_meta":{"origin":1348,"position":4},"title":"II Conferencia \u00abRumbo al Mundial\u00bb. La gestaci\u00f3n del \u00abfootball\u00bb y los mundiales de Suiza 1954 y Suecia 1958","author":"VK","date":"23 &#100;&#101; julio &#100;&#101; 2011","format":false,"excerpt":"Tras la conferencia inaugural de este ciclo, en la que tratamos, sobre todo, la gestaci\u00f3n de las primeras instituciones deportivas que dieron cuerpo legal al nuevo deporte llamado foot-ball, y tambi\u00e9n los primeros campeonatos del mundo de la FIFA hasta 1950, la ACyD Jeyma les propone la segunda conferencia de\u2026","rel":"","context":"En \u00abConferencias\u00bb","block_context":{"text":"Conferencias","link":"https:\/\/acdjeyma.es\/?cat=5"},"img":{"alt_text":"Foto de Puskas autografiada con la selecci\u00f3n h\u00fangara en 1954, foto de Pel\u00e9 autografiada con la selecci\u00f3n brasile\u00f1a de 1958 y balones oficiales de Suecia 1958","src":"https:\/\/i0.wp.com\/acdjeyma.es\/wp-content\/uploads\/2011\/07\/puskas54pele58.jpg?resize=350%2C200&ssl=1","width":350,"height":200},"classes":[]},{"id":105,"url":"https:\/\/acdjeyma.es\/?p=105","url_meta":{"origin":1348,"position":5},"title":"Primera conferencia \u00abRumbo al Mundial, la Historia de los Campeonatos del Mundo de F\u00fatbol\u00bb","author":"VK","date":"1 &#100;&#101; abril &#100;&#101; 2011","format":false,"excerpt":"Iniciamos la andadura de la ACyD Jeyma en su vertiente cultural con una serie de conferencias que versar\u00e1n sobre el evento deportivo que m\u00e1s seguidores tiene en nuestro planeta (solo superado por los Juegos Ol\u00edmpicos de Verano). El f\u00fatbol se ha convertido en el deporte rey de nuestro pa\u00eds, y\u2026","rel":"","context":"En \u00abCine-F\u00f3rum\u00bb","block_context":{"text":"Cine-F\u00f3rum","link":"https:\/\/acdjeyma.es\/?cat=4"},"img":{"alt_text":"A la izquierda, la Copa Mundial de la FIFA (1974-Actualidad); a la derecha, la Copa Jules Rimet (1930-1970)","src":"https:\/\/i0.wp.com\/acdjeyma.es\/wp-content\/uploads\/2011\/04\/mundiales-269x300.jpg?resize=350%2C200","width":350,"height":200},"classes":[]}],"_links":{"self":[{"href":"https:\/\/acdjeyma.es\/index.php?rest_route=\/wp\/v2\/posts\/1348","targetHints":{"allow":["GET"]}}],"collection":[{"href":"https:\/\/acdjeyma.es\/index.php?rest_route=\/wp\/v2\/posts"}],"about":[{"href":"https:\/\/acdjeyma.es\/index.php?rest_route=\/wp\/v2\/types\/post"}],"author":[{"embeddable":true,"href":"https:\/\/acdjeyma.es\/index.php?rest_route=\/wp\/v2\/users\/3"}],"replies":[{"embeddable":true,"href":"https:\/\/acdjeyma.es\/index.php?rest_route=%2Fwp%2Fv2%2Fcomments&post=1348"}],"version-history":[{"count":7,"href":"https:\/\/acdjeyma.es\/index.php?rest_route=\/wp\/v2\/posts\/1348\/revisions"}],"predecessor-version":[{"id":4749,"href":"https:\/\/acdjeyma.es\/index.php?rest_route=\/wp\/v2\/posts\/1348\/revisions\/4749"}],"wp:featuredmedia":[{"embeddable":true,"href":"https:\/\/acdjeyma.es\/index.php?rest_route=\/wp\/v2\/media\/1383"}],"wp:attachment":[{"href":"https:\/\/acdjeyma.es\/index.php?rest_route=%2Fwp%2Fv2%2Fmedia&parent=1348"}],"wp:term":[{"taxonomy":"category","embeddable":true,"href":"https:\/\/acdjeyma.es\/index.php?rest_route=%2Fwp%2Fv2%2Fcategories&post=1348"},{"taxonomy":"post_tag","embeddable":true,"href":"https:\/\/acdjeyma.es\/index.php?rest_route=%2Fwp%2Fv2%2Ftags&post=1348"}],"curies":[{"name":"wp","href":"https:\/\/api.w.org\/{rel}","templated":true}]}}