{"id":1302,"date":"2012-05-24T23:38:28","date_gmt":"2012-05-24T22:38:28","guid":{"rendered":"http:\/\/asociacion.sportteamjeyma.hostei.com\/?p=1302"},"modified":"2018-08-28T14:06:07","modified_gmt":"2018-08-28T12:06:07","slug":"ii-g-p-excmo-ayuntamiento-de-bolanos-de-ciclismo","status":"publish","type":"post","link":"https:\/\/acdjeyma.es\/?p=1302","title":{"rendered":"II G. P. Excmo. Ayuntamiento de Bola\u00f1os de Ciclismo"},"content":{"rendered":"<div id=\"attachment_1324\" style=\"width: 224px\" class=\"wp-caption alignright\"><a href=\"?attachment_id=1324\" rel=\"attachment wp-att-1324\"><img loading=\"lazy\" decoding=\"async\" aria-describedby=\"caption-attachment-1324\" data-attachment-id=\"1324\" data-permalink=\"https:\/\/acdjeyma.es\/?attachment_id=1324\" data-orig-file=\"https:\/\/acdjeyma.es\/wp-content\/uploads\/2012\/05\/ciclismo2012.jpg\" data-orig-size=\"350,467\" data-comments-opened=\"1\" data-image-meta=\"{&quot;aperture&quot;:&quot;0&quot;,&quot;credit&quot;:&quot;&quot;,&quot;camera&quot;:&quot;&quot;,&quot;caption&quot;:&quot;&quot;,&quot;created_timestamp&quot;:&quot;0&quot;,&quot;copyright&quot;:&quot;&quot;,&quot;focal_length&quot;:&quot;0&quot;,&quot;iso&quot;:&quot;0&quot;,&quot;shutter_speed&quot;:&quot;0&quot;,&quot;title&quot;:&quot;&quot;}\" data-image-title=\"Ciclismo. II G. P. Excmo. Ayuntamiento de Bola\u00f1os\" data-image-description=\"&lt;p&gt;Ciclismo. II G. P. Excmo. Ayuntamiento de Bola\u00f1os.&lt;\/p&gt;\n\" data-image-caption=\"&lt;p&gt;Ciclismo. II G. P. Excmo. Ayuntamiento de Bola\u00f1os.&lt;\/p&gt;\n\" data-medium-file=\"https:\/\/acdjeyma.es\/wp-content\/uploads\/2012\/05\/ciclismo2012-224x300.jpg\" data-large-file=\"https:\/\/acdjeyma.es\/wp-content\/uploads\/2012\/05\/ciclismo2012.jpg\" class=\"size-medium wp-image-1324\" title=\"Ciclismo. II G. P. Excmo. Ayuntamiento de Bola\u00f1os\" alt=\"Ciclismo. II G. P. Excmo. Ayuntamiento de Bola\u00f1os\" src=\"http:\/\/acdjeyma.es\/wp-content\/uploads\/2012\/05\/ciclismo2012-224x300.jpg\" width=\"224\" height=\"300\" srcset=\"https:\/\/acdjeyma.es\/wp-content\/uploads\/2012\/05\/ciclismo2012-224x300.jpg 224w, https:\/\/acdjeyma.es\/wp-content\/uploads\/2012\/05\/ciclismo2012.jpg 350w\" sizes=\"auto, (max-width: 224px) 100vw, 224px\" \/><\/a><p id=\"caption-attachment-1324\" class=\"wp-caption-text\">Ciclismo. II G. P. Excmo. Ayuntamiento de Bola\u00f1os.<\/p><\/div>\n<p style=\"text-align: justify;\">La ACD Jeyma colabora con el II G. P. Excmo. Ayuntamiento de Bola\u00f1os de Ciclismo, que se celebrar\u00e1 el pr\u00f3ximo 3 de Junio a las 10.30 horas, valedero para el Campeonato Regional Junior. La prueba consta de casi 100 km, que transcurrir\u00e1n en un circuito a dos vueltas, pasando por Moral de Calatrava, con inicio y final en Bola\u00f1os. Obtendr\u00e1n premio los veinte primeros clasificados de la general, as\u00ed como los tres primeros de la monta\u00f1a, el mejor local y el mejor equipo.<\/p>\n<p style=\"text-align: justify;\">La preinscripci\u00f3n se puede realizar en el siguiente correo electr\u00f3nico, <a href=\"mailto:clu_ciclista@hotmail.com\" title=\"clu_ciclista@hotmail.com\">clu_ciclista@hotmail.com<\/a>, mientras que la inscripci\u00f3n ser\u00e1 en Cafeter\u00eda Armon\u00eda y en la Plaza de Espa\u00f1a antes del inicio de la prueba. Se trata de una competici\u00f3n de categor\u00eda junior y de car\u00e1cter nacional, organizada por los clubes ciclistas de Almagro y Bola\u00f1os.<\/p>\n<p><!--more--><\/p>\n<p style=\"text-align: justify;\">Nuestra asociaci\u00f3n se involucra de nuevo con un deporte con mucho arraigo en nuestro pueblo, y desde ella, os animamos a que particip\u00e9is y apoy\u00e9is a los ciclistas que el pr\u00f3ximo 3 de Junio recorrer\u00e1n nuestras calles dando lo mejor de s\u00ed mismos.<\/p>\n","protected":false},"excerpt":{"rendered":"<p>La ACD Jeyma colabora con el II G. P. Excmo. Ayuntamiento de Bola\u00f1os de Ciclismo, que se celebrar\u00e1 el pr\u00f3ximo 3 de Junio a las 10.30 horas, valedero para el Campeonato Regional Junior. La prueba consta de casi 100 km, que transcurrir\u00e1n en un circuito a dos vueltas, pasando por Moral de Calatrava, con inicio &hellip; <\/p>\n<p><a class=\"more-link btn\" href=\"https:\/\/acdjeyma.es\/?p=1302\">Seguir leyendo<\/a><\/p>\n","protected":false},"author":4,"featured_media":1324,"comment_status":"open","ping_status":"open","sticky":false,"template":"","format":"standard","meta":{"jetpack_post_was_ever_published":false,"_jetpack_newsletter_access":"","_jetpack_dont_email_post_to_subs":false,"_jetpack_newsletter_tier_id":0,"_jetpack_memberships_contains_paywalled_content":false,"_jetpack_memberships_contains_paid_content":false,"footnotes":""},"categories":[243,8,14],"tags":[24,29,244],"class_list":["post-1302","post","type-post","status-publish","format-standard","has-post-thumbnail","hentry","category-ciclismo","category-deportivas","category-noticias","tag-ayuntamiento-de-bolanos","tag-ciclismo","tag-gran-premio","item-wrap"],"jetpack_featured_media_url":"https:\/\/acdjeyma.es\/wp-content\/uploads\/2012\/05\/ciclismo2012.jpg","jetpack_shortlink":"https:\/\/wp.me\/p3uf9Z-l0","jetpack_sharing_enabled":true,"jetpack-related-posts":[{"id":1304,"url":"https:\/\/acdjeyma.es\/?p=1304","url_meta":{"origin":1302,"position":0},"title":"Juan Camacho, ganador del campeonato regional junior celebrado en Bola\u00f1os","author":"mars9","date":"6 &#100;&#101; junio &#100;&#101; 2012","format":false,"excerpt":"El pasado domingo 3 de Junio se celebr\u00f3 el Campeonato Regional Junior de ciclismo con un recorrido entre las localidades de Bola\u00f1os y Moral, con meta en Bola\u00f1os y con casi 100 km de distancia. La ACD Jeyma colabor\u00f3 en una prueba que estuvo organizada con gran \u00e9xito por el\u2026","rel":"","context":"En \u00abCiclismo\u00bb","block_context":{"text":"Ciclismo","link":"https:\/\/acdjeyma.es\/?cat=243"},"img":{"alt_text":"Foto: www.lanzadigital.com","src":"https:\/\/i0.wp.com\/acdjeyma.es\/wp-content\/uploads\/2012\/06\/ciclismo2012b.jpg?resize=350%2C200&ssl=1","width":350,"height":200},"classes":[]},{"id":4112,"url":"https:\/\/acdjeyma.es\/?p=4112","url_meta":{"origin":1302,"position":1},"title":"Conferencia \u00abLa Venta de Borondo\u00bb en Bola\u00f1os","author":"mars9","date":"13 &#100;&#101; diciembre &#100;&#101; 2016","format":false,"excerpt":"El pr\u00f3ximo viernes 16 de diciembre a las 20 horas en el Sal\u00f3n de Actos del Excmo. Ayuntamiento de Bola\u00f1os, tendr\u00e1 lugar la conferencia \"La Venta de Borondo\". Una charla que tratar\u00e1 sobre un icono de la arquitectura popular manchega, la Venta de Borondo, situada en el t\u00e9rmino municipal de\u2026","rel":"","context":"En \u00abACD Jeyma\u00bb","block_context":{"text":"ACD Jeyma","link":"https:\/\/acdjeyma.es\/?cat=2"},"img":{"alt_text":"Cartel de la conferencia","src":"https:\/\/i0.wp.com\/acdjeyma.es\/wp-content\/uploads\/2016\/12\/Cartel-Venta-Borondo-jpg-212x300.jpg?resize=350%2C200","width":350,"height":200},"classes":[]},{"id":4033,"url":"https:\/\/acdjeyma.es\/?p=4033","url_meta":{"origin":1302,"position":2},"title":"El ciudadreale\u00f1o Rafael Noguera, ganador de la II Carrera Solidaria de Bola\u00f1os","author":"mars9","date":"17 &#100;&#101; agosto &#100;&#101; 2016","format":false,"excerpt":"El pasado\u00a0lunes 15 de agosto se celebr\u00f3 la II Carrera Solidaria en Bola\u00f1os de Calatrava. La Asociaci\u00f3n Cultural y Deportiva Jeyma organiz\u00f3 esta actividad por segundo a\u00f1o, dentro de su programaci\u00f3n anual de\u00a0actividades. Un evento que cont\u00f3 con la colaboraci\u00f3n del Excmo, Ayuntamiento de Bola\u00f1os y la Polic\u00eda Municipal, adem\u00e1s\u2026","rel":"","context":"En \u00abACD Jeyma\u00bb","block_context":{"text":"ACD Jeyma","link":"https:\/\/acdjeyma.es\/?cat=2"},"img":{"alt_text":"Participantes en la II Carrera Solidaria ACD Jeyma en Bola\u00f1os de Calatrava","src":"https:\/\/i0.wp.com\/acdjeyma.es\/wp-content\/uploads\/2016\/08\/SAM_0843-300x102.jpg?resize=350%2C200","width":350,"height":200},"classes":[]},{"id":3693,"url":"https:\/\/acdjeyma.es\/?p=3693","url_meta":{"origin":1302,"position":3},"title":"Curso de \u00abIniciaci\u00f3n al Ajedrez\u00bb en la Universidad Popular","author":"Jos\u00e9 Ram\u00f3n","date":"18 &#100;&#101; septiembre &#100;&#101; 2015","format":false,"excerpt":"Durante los pr\u00f3ximos meses, la Asociaci\u00f3n Cultural y Deportiva Jeyma organizar\u00e1 un curso de ajedrez, enmarcado dentro de la programaci\u00f3n que el Excmo. Ayuntamiento de Bola\u00f1os de Calatrava prepara para la Universidad Popular. El objetivo del curso es dar a conocer los fundamentos b\u00e1sicos del ajedrez a los alumnos, as\u00ed\u2026","rel":"","context":"En \u00abACD Jeyma\u00bb","block_context":{"text":"ACD Jeyma","link":"https:\/\/acdjeyma.es\/?cat=2"},"img":{"alt_text":"Curso de Iniciaci\u00f3n al Ajedrez","src":"https:\/\/i0.wp.com\/acdjeyma.es\/wp-content\/uploads\/2015\/09\/Cartel-Ajedrez-212x300.jpg?resize=350%2C200","width":350,"height":200},"classes":[]},{"id":4352,"url":"https:\/\/acdjeyma.es\/?p=4352","url_meta":{"origin":1302,"position":4},"title":"Los atletas locales Pablo Vidal y Macarena Porrero, ganadores de la III Carrera Solidaria","author":"mars9","date":"13 &#100;&#101; agosto &#100;&#101; 2017","format":false,"excerpt":"En la ma\u00f1ana de hoy domingo 13 de agosto, se celebr\u00f3 la III Carrera Solidaria en Bola\u00f1os de Calatrava. La Asociaci\u00f3n Cultural y Deportiva Jeyma organiz\u00f3 esta actividad por tercer a\u00f1o, dentro de su programaci\u00f3n anual de actividades. Un evento que cont\u00f3 con la colaboraci\u00f3n del Excmo, Ayuntamiento de Bola\u00f1os,\u2026","rel":"","context":"En \u00abACD Jeyma\u00bb","block_context":{"text":"ACD Jeyma","link":"https:\/\/acdjeyma.es\/?cat=2"},"img":{"alt_text":"Foto de Familia","src":"https:\/\/i0.wp.com\/acdjeyma.es\/wp-content\/uploads\/2017\/08\/Foto-de-Familia-300x143.jpg?resize=350%2C200","width":350,"height":200},"classes":[]},{"id":3652,"url":"https:\/\/acdjeyma.es\/?p=3652","url_meta":{"origin":1302,"position":5},"title":"Ma\u00f1ana de deporte solidario en Bola\u00f1os","author":"mars9","date":"19 &#100;&#101; agosto &#100;&#101; 2015","format":false,"excerpt":"El pasado\u00a0domingo 16 de agosto se celebr\u00f3 la I Carrera Solidaria en Bola\u00f1os de Calatrava. La Asociaci\u00f3n Cultural y Deportiva Jeyma organiz\u00f3 esta actividad como novedad este a\u00f1o, dentro de su programaci\u00f3n anual de\u00a0actividades. Un evento que cont\u00f3 con la colaboraci\u00f3n del Excmo, Ayuntamiento de Bola\u00f1os, Protecci\u00f3n Civil y la\u2026","rel":"","context":"En \u00abACD Jeyma\u00bb","block_context":{"text":"ACD Jeyma","link":"https:\/\/acdjeyma.es\/?cat=2"},"img":{"alt_text":"Momentos previos a la salida de la carrera senior.","src":"https:\/\/i0.wp.com\/acdjeyma.es\/wp-content\/uploads\/2015\/08\/11855882_791271367660630_191049959049998782_n-300x225.jpg?resize=350%2C200","width":350,"height":200},"classes":[]}],"_links":{"self":[{"href":"https:\/\/acdjeyma.es\/index.php?rest_route=\/wp\/v2\/posts\/1302","targetHints":{"allow":["GET"]}}],"collection":[{"href":"https:\/\/acdjeyma.es\/index.php?rest_route=\/wp\/v2\/posts"}],"about":[{"href":"https:\/\/acdjeyma.es\/index.php?rest_route=\/wp\/v2\/types\/post"}],"author":[{"embeddable":true,"href":"https:\/\/acdjeyma.es\/index.php?rest_route=\/wp\/v2\/users\/4"}],"replies":[{"embeddable":true,"href":"https:\/\/acdjeyma.es\/index.php?rest_route=%2Fwp%2Fv2%2Fcomments&post=1302"}],"version-history":[{"count":7,"href":"https:\/\/acdjeyma.es\/index.php?rest_route=\/wp\/v2\/posts\/1302\/revisions"}],"predecessor-version":[{"id":4744,"href":"https:\/\/acdjeyma.es\/index.php?rest_route=\/wp\/v2\/posts\/1302\/revisions\/4744"}],"wp:featuredmedia":[{"embeddable":true,"href":"https:\/\/acdjeyma.es\/index.php?rest_route=\/wp\/v2\/media\/1324"}],"wp:attachment":[{"href":"https:\/\/acdjeyma.es\/index.php?rest_route=%2Fwp%2Fv2%2Fmedia&parent=1302"}],"wp:term":[{"taxonomy":"category","embeddable":true,"href":"https:\/\/acdjeyma.es\/index.php?rest_route=%2Fwp%2Fv2%2Fcategories&post=1302"},{"taxonomy":"post_tag","embeddable":true,"href":"https:\/\/acdjeyma.es\/index.php?rest_route=%2Fwp%2Fv2%2Ftags&post=1302"}],"curies":[{"name":"wp","href":"https:\/\/api.w.org\/{rel}","templated":true}]}}