{"id":11614,"date":"2026-09-01T09:59:46","date_gmt":"2026-09-01T07:59:46","guid":{"rendered":"https:\/\/acdjeyma.es\/?p=11614"},"modified":"2026-09-01T10:21:52","modified_gmt":"2026-09-01T08:21:52","slug":"x-torneo-de-ajedrez-de-ferias","status":"publish","type":"post","link":"https:\/\/acdjeyma.es\/?p=11614","title":{"rendered":"X Torneo de Ajedrez de Ferias"},"content":{"rendered":"\n<p>El pr\u00f3ximo domingo 20 de septiembre, a partir de las 16:30 horas, la Asociaci\u00f3n Cultural y Deportiva Jeyma tiene previsto organizar la d\u00e9cima edici\u00f3n presencial del torneo de ajedrez en fechas pr\u00f3ximas a las Ferias y Fiestas del Cristo. La celebraci\u00f3n del evento est\u00e1 prevista en el patio exterior del Casino de la Verja, situado en la calle Pr\u00edncipe de Asturias, frente a la parte trasera de la Iglesia de San Felipe y Santiago de Bola\u00f1os. En caso de que la climatolog\u00eda no acompa\u00f1ase, el torneo se jugar\u00eda en uno de los salones del edificio.<\/p>\n\n\n\n<p>Las partidas ser\u00e1n a 10 minutos y el car\u00e1cter de este torneo es de&nbsp;<strong>promoci\u00f3n del ajedrez en la localidad<\/strong>, dirigido sobre todo a los aficionados y principiantes. El sistema de competici\u00f3n (liga o suizo) se ajustar\u00e1 al n\u00famero de inscripciones que haya, asegurando siempre el m\u00e1ximo posible de partidas para todos los jugadores.<\/p>\n\n\n\n<p>La inscripci\u00f3n es gratuita y se puede realizar a trav\u00e9s del correo acdjeyma@gmail.com. Los datos requeridos para la inscripci\u00f3n son: nombre, apellidos, a\u00f1o de nacimiento (necesario s\u00f3lo para jugadores nacidos en 2010 o despu\u00e9s) y localidad (o club).<\/p>\n\n\n\n<p>Habr\u00e1&nbsp;<strong>trofeo para los tres primeros clasificados del torneo, tanto en categor\u00eda absoluta, como sub-16 y sub-12.<\/strong><\/p>\n\n\n\n<p>El Excmo. Ayuntamiento de Bola\u00f1os de Calatrava colaborar\u00e1 en la realizaci\u00f3n de este torneo, como viene haciendo habitualmente con nosotros. Adem\u00e1s, el recientemente fundado Club de Ajedrez de Bola\u00f1os tambi\u00e9n contribuir\u00e1 al desarrollo de la actividad.<\/p>\n\n\n\n<p>Desde la Asociaci\u00f3n Cultural y Deportiva Jeyma esperamos que este evento sea de vuestro agrado y os invitamos a acercaros, bien sea participando como jugador o asistiendo como p\u00fablico.<\/p>\n\n\n\n<p><\/p>\n","protected":false},"excerpt":{"rendered":"<p>El pr\u00f3ximo domingo 20 de septiembre, a partir de las 16:30 horas, la Asociaci\u00f3n Cultural y Deportiva Jeyma tiene previsto organizar la d\u00e9cima edici\u00f3n presencial del torneo de ajedrez en fechas pr\u00f3ximas a las Ferias y Fiestas del Cristo. La celebraci\u00f3n del evento est\u00e1 prevista en el patio exterior del Casino de la Verja, situado &hellip; <\/p>\n<p><a class=\"more-link btn\" href=\"https:\/\/acdjeyma.es\/?p=11614\">Seguir leyendo<\/a><\/p>\n","protected":false},"author":2,"featured_media":0,"comment_status":"open","ping_status":"open","sticky":false,"template":"","format":"standard","meta":{"jetpack_post_was_ever_published":false,"_jetpack_newsletter_access":"","_jetpack_dont_email_post_to_subs":false,"_jetpack_newsletter_tier_id":0,"_jetpack_memberships_contains_paywalled_content":false,"_jetpack_memberships_contains_paid_content":false,"footnotes":""},"categories":[2,3,235,8],"tags":[19,20],"class_list":["post-11614","post","type-post","status-publish","format-standard","hentry","category-acd-jeyma","category-actividades","category-ajedrez","category-deportivas","tag-acd-jeyma-2","tag-ajedrez","item-wrap"],"jetpack_featured_media_url":"","jetpack_shortlink":"https:\/\/wp.me\/p3uf9Z-31k","jetpack_sharing_enabled":true,"jetpack-related-posts":[{"id":1232,"url":"https:\/\/acdjeyma.es\/?p=1232","url_meta":{"origin":11614,"position":0},"title":"I Torneo de ajedrez ACD Jeyma (8\/1\/2012)","author":"jeyma","date":"8 &#100;&#101; enero &#100;&#101; 2012","format":false,"excerpt":"I Torneo de ajedrez ACD Jeyma (8\/1\/2012)","rel":"","context":"En \u00abGaler\u00eda de fotos\u00bb","block_context":{"text":"Galer\u00eda de fotos","link":"https:\/\/acdjeyma.es\/?cat=12"},"img":{"alt_text":"","src":"https:\/\/i0.wp.com\/acdjeyma.es\/wp-content\/uploads\/2012\/01\/torneoajedrez201201-150x150.jpg?resize=350%2C200&ssl=1","width":350,"height":200},"classes":[]},{"id":2040,"url":"https:\/\/acdjeyma.es\/?p=2040","url_meta":{"origin":11614,"position":1},"title":"II Torneo de ajedrez ACD Jeyma (13\/1\/2013)","author":"jeyma","date":"14 &#100;&#101; enero &#100;&#101; 2013","format":false,"excerpt":"II Torneo de ajedrez ACD Jeyma (13\/1\/2013)","rel":"","context":"En \u00abGaler\u00eda de fotos\u00bb","block_context":{"text":"Galer\u00eda de fotos","link":"https:\/\/acdjeyma.es\/?cat=12"},"img":{"alt_text":"Imagen de la primera ronda del II Torneo de Ajedrez ACD Jeyma","src":"https:\/\/i0.wp.com\/acdjeyma.es\/wp-content\/uploads\/2013\/01\/torneoajedrez201301-150x150.jpg?resize=350%2C200&ssl=1","width":350,"height":200},"classes":[]},{"id":3367,"url":"https:\/\/acdjeyma.es\/?p=3367","url_meta":{"origin":11614,"position":2},"title":"III Torneo de ajedrez ACD Jeyma (12\/1\/2014)","author":"jeyma","date":"14 &#100;&#101; enero &#100;&#101; 2014","format":false,"excerpt":"III Torneo de ajedrez ACD Jeyma (12\/1\/2014)","rel":"","context":"En \u00abGaler\u00eda de fotos\u00bb","block_context":{"text":"Galer\u00eda de fotos","link":"https:\/\/acdjeyma.es\/?cat=12"},"img":{"alt_text":"Imagen de la sala","src":"https:\/\/i0.wp.com\/acdjeyma.es\/wp-content\/uploads\/2014\/01\/iiitorneoajedrez201401-150x150.jpg?resize=350%2C200&ssl=1","width":350,"height":200},"classes":[]},{"id":3239,"url":"https:\/\/acdjeyma.es\/?p=3239","url_meta":{"origin":11614,"position":3},"title":"III Torneo de Ajedrez \u00abACD Jeyma\u00bb","author":"Jos\u00e9 Ram\u00f3n","date":"24 &#100;&#101; diciembre &#100;&#101; 2013","format":false,"excerpt":"El d\u00eda 12 de enero de 2014 a partir de las 10 de la ma\u00f1ana se celebrar\u00e1 en la Casa de Cultura de Bola\u00f1os de Calatrava (calle Toledillo n\u00ba 23) el III Torneo de Ajedrez \u201cACD Jeyma\u201d, dotado con 500 euros en premios. La Asociaci\u00f3n Cultural y Deportiva Jeyma, junto\u2026","rel":"","context":"En \u00abAjedrez\u00bb","block_context":{"text":"Ajedrez","link":"https:\/\/acdjeyma.es\/?cat=235"},"img":{"alt_text":"Cartel del III Torneo de Ajedrez 'ACD Jeyma'","src":"https:\/\/i0.wp.com\/acdjeyma.es\/wp-content\/uploads\/2013\/12\/ajedrez2014-213x300.jpg?resize=350%2C200","width":350,"height":200},"classes":[]},{"id":1835,"url":"https:\/\/acdjeyma.es\/?p=1835","url_meta":{"origin":11614,"position":4},"title":"II Torneo de Ajedrez \u201cACD Jeyma\u201d","author":"Jos\u00e9 Ram\u00f3n","date":"19 &#100;&#101; diciembre &#100;&#101; 2012","format":false,"excerpt":"El d\u00eda 13 de enero de 2013 a partir de las 10 de la ma\u00f1ana se celebrar\u00e1 en la Casa de Cultura de Bola\u00f1os\u00a0de Calatrava (calle Toledillo\u00a0n\u00ba\u00a023) el II Torneo de Ajedrez \u201cACD Jeyma\u201d, dotado con 500 euros en premios. Tras la edici\u00f3n del a\u00f1o pasado, en la que se\u2026","rel":"","context":"En \u00abAjedrez\u00bb","block_context":{"text":"Ajedrez","link":"https:\/\/acdjeyma.es\/?cat=235"},"img":{"alt_text":"Cartel del II Torneo de Ajedrez ACD Jeyma","src":"https:\/\/i0.wp.com\/acdjeyma.es\/wp-content\/uploads\/2012\/12\/ajedrez2013-213x300.jpg?resize=350%2C200","width":350,"height":200},"classes":[]},{"id":3681,"url":"https:\/\/acdjeyma.es\/?p=3681","url_meta":{"origin":11614,"position":5},"title":"Celebrado el segundo torneo local de ajedrez organizado por la ACD Jeyma","author":"Jos\u00e9 Ram\u00f3n","date":"7 &#100;&#101; septiembre &#100;&#101; 2015","format":false,"excerpt":"La Asociaci\u00f3n Cultural y Deportiva Jeyma ha organizado por segundo a\u00f1o consecutivo un torneo local de ajedrez en fechas cercanas a las Ferias y Fiestas del Cristo de la Columna. El objetivo de la asociaci\u00f3n con este evento es promover la afici\u00f3n al ajedrez en Bola\u00f1os, complementando al torneo de\u2026","rel":"","context":"En \u00abACD Jeyma\u00bb","block_context":{"text":"ACD Jeyma","link":"https:\/\/acdjeyma.es\/?cat=2"},"img":{"alt_text":"Joaqu\u00edn Garc\u00eda del Moral, revalid\u00f3 el t\u00edtulo de campe\u00f3n local conseguido el a\u00f1o pasado.","src":"https:\/\/i0.wp.com\/acdjeyma.es\/wp-content\/uploads\/2015\/09\/ajedrez2-300x169.jpg?resize=350%2C200","width":350,"height":200},"classes":[]}],"_links":{"self":[{"href":"https:\/\/acdjeyma.es\/index.php?rest_route=\/wp\/v2\/posts\/11614","targetHints":{"allow":["GET"]}}],"collection":[{"href":"https:\/\/acdjeyma.es\/index.php?rest_route=\/wp\/v2\/posts"}],"about":[{"href":"https:\/\/acdjeyma.es\/index.php?rest_route=\/wp\/v2\/types\/post"}],"author":[{"embeddable":true,"href":"https:\/\/acdjeyma.es\/index.php?rest_route=\/wp\/v2\/users\/2"}],"replies":[{"embeddable":true,"href":"https:\/\/acdjeyma.es\/index.php?rest_route=%2Fwp%2Fv2%2Fcomments&post=11614"}],"version-history":[{"count":2,"href":"https:\/\/acdjeyma.es\/index.php?rest_route=\/wp\/v2\/posts\/11614\/revisions"}],"predecessor-version":[{"id":11617,"href":"https:\/\/acdjeyma.es\/index.php?rest_route=\/wp\/v2\/posts\/11614\/revisions\/11617"}],"wp:attachment":[{"href":"https:\/\/acdjeyma.es\/index.php?rest_route=%2Fwp%2Fv2%2Fmedia&parent=11614"}],"wp:term":[{"taxonomy":"category","embeddable":true,"href":"https:\/\/acdjeyma.es\/index.php?rest_route=%2Fwp%2Fv2%2Fcategories&post=11614"},{"taxonomy":"post_tag","embeddable":true,"href":"https:\/\/acdjeyma.es\/index.php?rest_route=%2Fwp%2Fv2%2Ftags&post=11614"}],"curies":[{"name":"wp","href":"https:\/\/api.w.org\/{rel}","templated":true}]}}