{"id":10554,"date":"2025-10-25T16:10:48","date_gmt":"2025-10-25T14:10:48","guid":{"rendered":"https:\/\/acdjeyma.es\/?p=10554"},"modified":"2025-10-25T16:10:51","modified_gmt":"2025-10-25T14:10:51","slug":"voluntarias-de-la-acd-jeyma-llevan-un-soplo-de-esperanza-al-centro-jaihuayco-de-cochabamba-y-la-ayuda-se-mantiene","status":"publish","type":"post","link":"https:\/\/acdjeyma.es\/?p=10554","title":{"rendered":"Voluntarias de la ACD Jeyma llevan un soplo de esperanza al Centro Jaihuayco de Cochabamba y la ayuda se mantiene"},"content":{"rendered":"\n<p><\/p>\n\n\n\n<p>Tras varias semanas de intenso trabajo y dedicaci\u00f3n, las voluntarias Alarcos, Laura y Mar\u00eda \u00c1ngeles, socias de la Asociaci\u00f3n Cultural y Deportiva Jeyma, finalizaron con \u00e9xito su proyecto de cooperaci\u00f3n internacional en el Centro de Educaci\u00f3n Jaihuayco, \u00c1rea Infantil CEPJA, en Cochabamba, Bolivia. La misi\u00f3n, que se extendi\u00f3 desde el 23 de julio hasta el 18 de agosto, ha dejado una huella tangible y duradera en la comunidad del Distrito 5 de Jaihuayco, una zona marcada por la exclusi\u00f3n social y las desigualdades educativas.<\/p>\n\n\n\n<p>Las tres voluntarias, con formaci\u00f3n y experiencia en docencia, lograron culminar los ambiciosos objetivos de su \u00abProyecto Jaihuayco\u00bb, enfocado en paliar las carencias del centro que atiende a 70 ni\u00f1os y ni\u00f1as y 55 familias en situaci\u00f3n de vulnerabilidad.<\/p>\n\n\n\n<p><strong>Una Transformaci\u00f3n Integral en el Centro<\/strong><\/p>\n\n\n\n<figure class=\"wp-block-image size-large\"><a href=\"https:\/\/acdjeyma.es\/wp-content\/uploads\/2025\/10\/imagen.jpg\"><img loading=\"lazy\" decoding=\"async\" width=\"1024\" height=\"768\" data-attachment-id=\"10555\" data-permalink=\"https:\/\/acdjeyma.es\/?attachment_id=10555\" data-orig-file=\"https:\/\/acdjeyma.es\/wp-content\/uploads\/2025\/10\/imagen.jpg\" data-orig-size=\"1600,1200\" data-comments-opened=\"1\" data-image-meta=\"{&quot;aperture&quot;:&quot;0&quot;,&quot;credit&quot;:&quot;&quot;,&quot;camera&quot;:&quot;&quot;,&quot;caption&quot;:&quot;&quot;,&quot;created_timestamp&quot;:&quot;0&quot;,&quot;copyright&quot;:&quot;&quot;,&quot;focal_length&quot;:&quot;0&quot;,&quot;iso&quot;:&quot;0&quot;,&quot;shutter_speed&quot;:&quot;0&quot;,&quot;title&quot;:&quot;&quot;,&quot;orientation&quot;:&quot;0&quot;}\" data-image-title=\"imagen\" data-image-description=\"\" data-image-caption=\"\" data-medium-file=\"https:\/\/acdjeyma.es\/wp-content\/uploads\/2025\/10\/imagen-300x225.jpg\" data-large-file=\"https:\/\/acdjeyma.es\/wp-content\/uploads\/2025\/10\/imagen-1024x768.jpg\" src=\"https:\/\/acdjeyma.es\/wp-content\/uploads\/2025\/10\/imagen-1024x768.jpg\" alt=\"\" class=\"wp-image-10555\" srcset=\"https:\/\/acdjeyma.es\/wp-content\/uploads\/2025\/10\/imagen-1024x768.jpg 1024w, https:\/\/acdjeyma.es\/wp-content\/uploads\/2025\/10\/imagen-300x225.jpg 300w, https:\/\/acdjeyma.es\/wp-content\/uploads\/2025\/10\/imagen-768x576.jpg 768w, https:\/\/acdjeyma.es\/wp-content\/uploads\/2025\/10\/imagen-1536x1152.jpg 1536w, https:\/\/acdjeyma.es\/wp-content\/uploads\/2025\/10\/imagen-847x635.jpg 847w, https:\/\/acdjeyma.es\/wp-content\/uploads\/2025\/10\/imagen.jpg 1600w\" sizes=\"auto, (max-width: 1024px) 100vw, 1024px\" \/><\/a><\/figure>\n\n\n\n<p>El impacto del proyecto es visible en las nuevas dotaciones del centro:<\/p>\n\n\n\n<ul class=\"wp-block-list\">\n<li><strong>Inauguraci\u00f3n de la Biblioteca Jaihuayco:<\/strong> Se ha establecido una biblioteca esencial, abastecida con libros de lectura y textos de asignaturas troncales (Matem\u00e1ticas, Lengua, Ciencias Naturales, etc.), que facilitar\u00e1 significativamente el apoyo escolar y la adquisici\u00f3n de conocimientos para los estudiantes.<\/li>\n\n\n\n<li><strong>Aula de Inform\u00e1tica Operativa:<\/strong> El centro ha sido dotado de recursos digitales, incluyendo ordenadores y una fotocopiadora. Esta implementaci\u00f3n cierra una brecha digital crucial, ofreciendo a los ni\u00f1os y adolescentes acceso a herramientas de aprendizaje modernas que antes les eran inaccesibles.<\/li>\n\n\n\n<li><strong>Botiqu\u00edn de Primeros Auxilios Completo:<\/strong> Se ha creado un botiqu\u00edn con el material sanitario b\u00e1sico (gasas, vendas, desinfectante, medicamentos gen\u00e9ricos, etc.), permitiendo al centro atender incidentes menores y velar por la salud de los menores.<\/li>\n<\/ul>\n\n\n\n<p><strong>Colaboraci\u00f3n Educativa Directa<\/strong><\/p>\n\n\n\n<p>Adem\u00e1s de la dotaci\u00f3n material, Alarcos, Laura y Mar\u00eda \u00c1ngeles se integraron plenamente en el programa educativo del \u00c1rea Infantil CEPJA. Durante su estancia, colaboraron <em>in situ<\/em> en la implementaci\u00f3n de talleres diarios de apoyo escolar, razonamiento l\u00f3gico-matem\u00e1tico, lectura de comprensi\u00f3n y estimulaci\u00f3n temprana. Su experiencia docente fue fundamental para reforzar la labor del centro, que promueve una formaci\u00f3n integral basada en valores y el desarrollo del sentido cr\u00edtico en un entorno donde las dificultades de aprendizaje son comunes debido a las carencias socioecon\u00f3micas.<\/p>\n\n\n\n<p><strong>El Compromiso de Jeyma perdura con una donaci\u00f3n adicional<\/strong><\/p>\n\n\n\n<p>El compromiso de la Asociaci\u00f3n Cultural y Deportiva Jeyma con el Centro Jaihuayco no termin\u00f3 con el regreso de las voluntarias. <strong>Posteriormente a la finalizaci\u00f3n del proyecto, la Asociaci\u00f3n Jeyma ha realizado una donaci\u00f3n adicional de 950 euros, destinada \u00edntegramente a la compra de material educativo para el centro.<\/strong><\/p>\n\n\n\n<p>Esta importante inyecci\u00f3n econ\u00f3mica garantizar\u00e1 la continuidad y la mejora de las condiciones y la calidad de la ense\u00f1anza en el CEPJA, permitiendo la adquisici\u00f3n de recursos necesarios para el d\u00eda a d\u00eda.<\/p>\n\n\n\n<p><strong>Un Esfuerzo Comunitario y Solidario<\/strong><\/p>\n\n\n\n<p>El \u00e9xito inicial de la misi\u00f3n fue posible gracias a una intensa campa\u00f1a de recaudaci\u00f3n de fondos y materiales. Las acciones previas realizadas por las voluntarias \u2014recogida de material escolar, recolecci\u00f3n de material para el botiqu\u00edn en farmacias locales, y la venta de art\u00edculos y sorteos solidarios\u2014 permitieron financiar los objetivos del proyecto.<\/p>\n\n\n\n<p>El Centro de Educaci\u00f3n Jaihuayco, que funciona gracias a la labor de voluntarios y la ayuda de particulares ante la falta de financiaci\u00f3n externa, ahora cuenta con herramientas vitales y apoyo econ\u00f3mico sostenido para continuar su misi\u00f3n de ser un referente social en procesos educativos alternativos, promoviendo el ejercicio de los derechos y responsabilidades en una de las zonas m\u00e1s desfavorecidas de Cochabamba.<\/p>\n\n\n\n<p>La Asociaci\u00f3n Jeyma agradece la colaboraci\u00f3n de todos los participantes y subraya que cada contribuci\u00f3n, incluida la donaci\u00f3n reciente, marca una diferencia real en la mejora de la educaci\u00f3n y el futuro de las familias del Distrito 5 de Jaihuayco, reforzando su derecho a una educaci\u00f3n de calidad y a lo largo de toda la vida.<\/p>\n","protected":false},"excerpt":{"rendered":"<p>Tras varias semanas de intenso trabajo y dedicaci\u00f3n, las voluntarias Alarcos, Laura y Mar\u00eda \u00c1ngeles, socias de la Asociaci\u00f3n Cultural y Deportiva Jeyma, finalizaron con \u00e9xito su proyecto de cooperaci\u00f3n internacional en el Centro de Educaci\u00f3n Jaihuayco, \u00c1rea Infantil CEPJA, en Cochabamba, Bolivia. La misi\u00f3n, que se extendi\u00f3 desde el 23 de julio hasta el &hellip; <\/p>\n<p><a class=\"more-link btn\" href=\"https:\/\/acdjeyma.es\/?p=10554\">Seguir leyendo<\/a><\/p>\n","protected":false},"author":4,"featured_media":0,"comment_status":"open","ping_status":"open","sticky":false,"template":"","format":"standard","meta":{"jetpack_post_was_ever_published":false,"_jetpack_newsletter_access":"","_jetpack_dont_email_post_to_subs":false,"_jetpack_newsletter_tier_id":0,"_jetpack_memberships_contains_paywalled_content":false,"_jetpack_memberships_contains_paid_content":false,"footnotes":""},"categories":[2,3,14,16],"tags":[302,309,308,116],"class_list":["post-10554","post","type-post","status-publish","format-standard","hentry","category-acd-jeyma","category-actividades","category-noticias","category-solidarias","tag-bolivia","tag-educacion","tag-jaihuayco","tag-jeyma","item-wrap"],"jetpack_featured_media_url":"","jetpack_shortlink":"https:\/\/wp.me\/p3uf9Z-2Ke","jetpack_sharing_enabled":true,"jetpack-related-posts":[{"id":9255,"url":"https:\/\/acdjeyma.es\/?p=9255","url_meta":{"origin":10554,"position":0},"title":"Tres voluntarias de la Asociaci\u00f3n Jeyma impulsan un proyecto de cooperaci\u00f3n en Bolivia para reducir la brecha educativa","author":"mars9","date":"31 &#100;&#101; mayo &#100;&#101; 2025","format":false,"excerpt":"Alarcos, Laura y Mar\u00eda \u00c1ngeles, tres socias y voluntarias de la Asociaci\u00f3n Cultural y Deportiva Jeyma, viajar\u00e1n este verano a Cochabamba, Bolivia, para colaborar en el Centro de Educaci\u00f3n Jaihuayco. Su misi\u00f3n es apoyar la labor de este centro, que trabaja desde hace m\u00e1s de 30 a\u00f1os en la formaci\u00f3n\u2026","rel":"","context":"En \u00abACD Jeyma\u00bb","block_context":{"text":"ACD Jeyma","link":"https:\/\/acdjeyma.es\/?cat=2"},"img":{"alt_text":"","src":"https:\/\/i0.wp.com\/acdjeyma.es\/wp-content\/uploads\/2025\/05\/IMG-20250530-WA0010.jpg?resize=350%2C200&ssl=1","width":350,"height":200,"srcset":"https:\/\/i0.wp.com\/acdjeyma.es\/wp-content\/uploads\/2025\/05\/IMG-20250530-WA0010.jpg?resize=350%2C200&ssl=1 1x, https:\/\/i0.wp.com\/acdjeyma.es\/wp-content\/uploads\/2025\/05\/IMG-20250530-WA0010.jpg?resize=525%2C300&ssl=1 1.5x, https:\/\/i0.wp.com\/acdjeyma.es\/wp-content\/uploads\/2025\/05\/IMG-20250530-WA0010.jpg?resize=700%2C400&ssl=1 2x, https:\/\/i0.wp.com\/acdjeyma.es\/wp-content\/uploads\/2025\/05\/IMG-20250530-WA0010.jpg?resize=1050%2C600&ssl=1 3x, https:\/\/i0.wp.com\/acdjeyma.es\/wp-content\/uploads\/2025\/05\/IMG-20250530-WA0010.jpg?resize=1400%2C800&ssl=1 4x"},"classes":[]},{"id":10827,"url":"https:\/\/acdjeyma.es\/?p=10827","url_meta":{"origin":10554,"position":1},"title":"La ACD Jeyma cumple su objetivo recaudando fondos para becas de estudio en Bolivia","author":"mars9","date":"11 &#100;&#101; diciembre &#100;&#101; 2025","format":false,"excerpt":"La Asociaci\u00f3n Cultural y Deportiva Jeyma celebr\u00f3 con gran \u00e9xito su esperada Comida Solidaria el pasado domingo, 16 de noviembre, en los Salones Castilla. El evento no solo fue un encuentro gastron\u00f3mico de alto nivel, sino que tambi\u00e9n cumpli\u00f3 su noble objetivo: recaudar fondos destinados a becas de estudio para\u2026","rel":"","context":"En \u00abACD Jeyma\u00bb","block_context":{"text":"ACD Jeyma","link":"https:\/\/acdjeyma.es\/?cat=2"},"img":{"alt_text":"","src":"https:\/\/i0.wp.com\/acdjeyma.es\/wp-content\/uploads\/2025\/12\/IMG-20251124-WA0007-2.jpg?resize=350%2C200&ssl=1","width":350,"height":200,"srcset":"https:\/\/i0.wp.com\/acdjeyma.es\/wp-content\/uploads\/2025\/12\/IMG-20251124-WA0007-2.jpg?resize=350%2C200&ssl=1 1x, https:\/\/i0.wp.com\/acdjeyma.es\/wp-content\/uploads\/2025\/12\/IMG-20251124-WA0007-2.jpg?resize=525%2C300&ssl=1 1.5x, https:\/\/i0.wp.com\/acdjeyma.es\/wp-content\/uploads\/2025\/12\/IMG-20251124-WA0007-2.jpg?resize=700%2C400&ssl=1 2x, https:\/\/i0.wp.com\/acdjeyma.es\/wp-content\/uploads\/2025\/12\/IMG-20251124-WA0007-2.jpg?resize=1050%2C600&ssl=1 3x"},"classes":[]},{"id":10562,"url":"https:\/\/acdjeyma.es\/?p=10562","url_meta":{"origin":10554,"position":2},"title":"Un men\u00fa de lujo con sabor a solidaridad: La ACD Jeyma organiza una comida ben\u00e9fica para Becas de Estudio en Cochabamba","author":"mars9","date":"26 &#100;&#101; octubre &#100;&#101; 2025","format":false,"excerpt":"La Asociaci\u00f3n Cultural y Deportiva Jeyma te invita a disfrutar de un exquisito banquete en Salones Castilla el 16 de noviembre para apoyar la educaci\u00f3n de alumnos del Centro Jaihuayco en Bolivia. La solidaridad se viste de gala el pr\u00f3ximo domingo 16 de noviembre de 2025 a las 14:00 horas\u2026","rel":"","context":"En \u00abACD Jeyma\u00bb","block_context":{"text":"ACD Jeyma","link":"https:\/\/acdjeyma.es\/?cat=2"},"img":{"alt_text":"","src":"https:\/\/i0.wp.com\/acdjeyma.es\/wp-content\/uploads\/2025\/10\/cartel.jpg?resize=350%2C200&ssl=1","width":350,"height":200,"srcset":"https:\/\/i0.wp.com\/acdjeyma.es\/wp-content\/uploads\/2025\/10\/cartel.jpg?resize=350%2C200&ssl=1 1x, https:\/\/i0.wp.com\/acdjeyma.es\/wp-content\/uploads\/2025\/10\/cartel.jpg?resize=525%2C300&ssl=1 1.5x, https:\/\/i0.wp.com\/acdjeyma.es\/wp-content\/uploads\/2025\/10\/cartel.jpg?resize=700%2C400&ssl=1 2x"},"classes":[]},{"id":10836,"url":"https:\/\/acdjeyma.es\/?p=10836","url_meta":{"origin":10554,"position":3},"title":"\u00daltimos d\u00e9cimos a la venta para la Loter\u00eda de Navidad 2025","author":"mars9","date":"11 &#100;&#101; diciembre &#100;&#101; 2025","format":false,"excerpt":"La Asociaci\u00f3n Cultural y Deportiva Jeyma pone a la venta d\u00e9cimos para el\u00a0Sorteo Extraordinario de Navidad\u00a0que se celebrar\u00e1 el 22 de diciembre de 2025. \u00a0Loter\u00eda de Navidad 2025 Los d\u00e9cimos corresponden al n\u00famero\u00a078.189, y su precio de venta es de 23 \u20ac. De este modo, el portador del d\u00e9cimo juega\u2026","rel":"","context":"En \u00abACD Jeyma\u00bb","block_context":{"text":"ACD Jeyma","link":"https:\/\/acdjeyma.es\/?cat=2"},"img":{"alt_text":"","src":"https:\/\/i0.wp.com\/acdjeyma.es\/wp-content\/uploads\/2025\/12\/cartel-lote.jpg?resize=350%2C200&ssl=1","width":350,"height":200,"srcset":"https:\/\/i0.wp.com\/acdjeyma.es\/wp-content\/uploads\/2025\/12\/cartel-lote.jpg?resize=350%2C200&ssl=1 1x, https:\/\/i0.wp.com\/acdjeyma.es\/wp-content\/uploads\/2025\/12\/cartel-lote.jpg?resize=525%2C300&ssl=1 1.5x, https:\/\/i0.wp.com\/acdjeyma.es\/wp-content\/uploads\/2025\/12\/cartel-lote.jpg?resize=700%2C400&ssl=1 2x, https:\/\/i0.wp.com\/acdjeyma.es\/wp-content\/uploads\/2025\/12\/cartel-lote.jpg?resize=1050%2C600&ssl=1 3x, https:\/\/i0.wp.com\/acdjeyma.es\/wp-content\/uploads\/2025\/12\/cartel-lote.jpg?resize=1400%2C800&ssl=1 4x"},"classes":[]},{"id":3183,"url":"https:\/\/acdjeyma.es\/?p=3183","url_meta":{"origin":10554,"position":4},"title":"La ACDJ en el Mercadillo y Torneo de F\u00fatbol 7 Solidario","author":"mars9","date":"18 &#100;&#101; diciembre &#100;&#101; 2013","format":false,"excerpt":"Por tercer a\u00f1o consecutivo, la Asociaci\u00f3n Cultural y Deportiva Jeyma particip\u00f3 activamente en la Jornada de Solidaridad y Voluntariado organizada por el Excmo. Ayuntamiento de Bola\u00f1os. La ma\u00f1ana del domingo 1 de diciembre empezaba con la participaci\u00f3n de nuestro equipo de f\u00fatbol sala Sport Team Jeyma en el II Torneo\u2026","rel":"","context":"En \u00abACD Jeyma\u00bb","block_context":{"text":"ACD Jeyma","link":"https:\/\/acdjeyma.es\/?cat=2"},"img":{"alt_text":"Imagen del Mercadillo Solidario 2013","src":"https:\/\/i0.wp.com\/acdjeyma.es\/wp-content\/uploads\/2013\/12\/stands201303.jpg?resize=350%2C200&ssl=1","width":350,"height":200},"classes":[]},{"id":10520,"url":"https:\/\/acdjeyma.es\/?p=10520","url_meta":{"origin":10554,"position":5},"title":"Loter\u00eda de Navidad 2025","author":"mars9","date":"22 &#100;&#101; octubre &#100;&#101; 2025","format":false,"excerpt":"La Asociaci\u00f3n Cultural y Deportiva Jeyma pone a la venta d\u00e9cimos para el\u00a0Sorteo Extraordinario de Navidad\u00a0que se celebrar\u00e1 el 22 de diciembre de 2025. Los d\u00e9cimos corresponden al n\u00famero\u00a078.189, y su precio de venta es de 23 \u20ac. De este modo, el portador del d\u00e9cimo juega la cantidad de 20\u2026","rel":"","context":"En \u00abACD Jeyma\u00bb","block_context":{"text":"ACD Jeyma","link":"https:\/\/acdjeyma.es\/?cat=2"},"img":{"alt_text":"","src":"https:\/\/i0.wp.com\/acdjeyma.es\/wp-content\/uploads\/2025\/10\/IMG-20250910-WA0021.jpg?resize=350%2C200&ssl=1","width":350,"height":200,"srcset":"https:\/\/i0.wp.com\/acdjeyma.es\/wp-content\/uploads\/2025\/10\/IMG-20250910-WA0021.jpg?resize=350%2C200&ssl=1 1x, https:\/\/i0.wp.com\/acdjeyma.es\/wp-content\/uploads\/2025\/10\/IMG-20250910-WA0021.jpg?resize=525%2C300&ssl=1 1.5x, https:\/\/i0.wp.com\/acdjeyma.es\/wp-content\/uploads\/2025\/10\/IMG-20250910-WA0021.jpg?resize=700%2C400&ssl=1 2x, https:\/\/i0.wp.com\/acdjeyma.es\/wp-content\/uploads\/2025\/10\/IMG-20250910-WA0021.jpg?resize=1050%2C600&ssl=1 3x, https:\/\/i0.wp.com\/acdjeyma.es\/wp-content\/uploads\/2025\/10\/IMG-20250910-WA0021.jpg?resize=1400%2C800&ssl=1 4x"},"classes":[]}],"_links":{"self":[{"href":"https:\/\/acdjeyma.es\/index.php?rest_route=\/wp\/v2\/posts\/10554","targetHints":{"allow":["GET"]}}],"collection":[{"href":"https:\/\/acdjeyma.es\/index.php?rest_route=\/wp\/v2\/posts"}],"about":[{"href":"https:\/\/acdjeyma.es\/index.php?rest_route=\/wp\/v2\/types\/post"}],"author":[{"embeddable":true,"href":"https:\/\/acdjeyma.es\/index.php?rest_route=\/wp\/v2\/users\/4"}],"replies":[{"embeddable":true,"href":"https:\/\/acdjeyma.es\/index.php?rest_route=%2Fwp%2Fv2%2Fcomments&post=10554"}],"version-history":[{"count":1,"href":"https:\/\/acdjeyma.es\/index.php?rest_route=\/wp\/v2\/posts\/10554\/revisions"}],"predecessor-version":[{"id":10556,"href":"https:\/\/acdjeyma.es\/index.php?rest_route=\/wp\/v2\/posts\/10554\/revisions\/10556"}],"wp:attachment":[{"href":"https:\/\/acdjeyma.es\/index.php?rest_route=%2Fwp%2Fv2%2Fmedia&parent=10554"}],"wp:term":[{"taxonomy":"category","embeddable":true,"href":"https:\/\/acdjeyma.es\/index.php?rest_route=%2Fwp%2Fv2%2Fcategories&post=10554"},{"taxonomy":"post_tag","embeddable":true,"href":"https:\/\/acdjeyma.es\/index.php?rest_route=%2Fwp%2Fv2%2Ftags&post=10554"}],"curies":[{"name":"wp","href":"https:\/\/api.w.org\/{rel}","templated":true}]}}